{"id":3585,"date":"2015-01-22T05:00:00","date_gmt":"2015-01-22T05:00:00","guid":{"rendered":""},"modified":"2015-01-22T05:00:00","modified_gmt":"2015-01-22T05:00:00","slug":"nuevos-casos-de-dengue-y-chikungunya","status":"publish","type":"post","link":"https:\/\/sertv.gob.pa\/nacionalfm\/nuevos-casos-de-dengue-y-chikungunya\/","title":{"rendered":"Nuevos casos de dengue y chikungunya"},"content":{"rendered":"<p>\nEl Ministerio de Salud (Minsa) ha confirmado la detecci\u00f3n de nuevos casos de dengue y el virus chikungunya en los primeros 19 d\u00edas del 2015 <\/p>\n<p>Lisseth Hayer, jefa de Epidemiolog\u00eda, encargada, expres\u00f3 que hasta la fecha se han reportado 31 nuevos casos de dengue y uno de chikungunya. Este \u00faltimo fue detectado en el corregimiento de R\u00edo Abajo. <\/p>\n<p>\u00a0Autoridades recomiendan no bajar la guardia, a\u00fan en la temporada seca. <\/p>\n<p>\u00a0 <\/p>\n","protected":false},"excerpt":{"rendered":"<p>El Ministerio de Salud (Minsa) ha confirmado la detecci\u00f3n de <a href=\"https:\/\/sertv.gob.pa\/nacionalfm\/nuevos-casos-de-dengue-y-chikungunya\/\"> [&#8230;]<\/a><\/p>\n","protected":false},"author":1,"featured_media":3586,"comment_status":"closed","ping_status":"closed","sticky":false,"template":"","format":"standard","meta":{"footnotes":""},"categories":[5],"tags":[],"class_list":["post-3585","post","type-post","status-publish","format-standard","has-post-thumbnail","hentry","category-salud"],"_links":{"self":[{"href":"https:\/\/sertv.gob.pa\/nacionalfm\/wp-json\/wp\/v2\/posts\/3585","targetHints":{"allow":["GET"]}}],"collection":[{"href":"https:\/\/sertv.gob.pa\/nacionalfm\/wp-json\/wp\/v2\/posts"}],"about":[{"href":"https:\/\/sertv.gob.pa\/nacionalfm\/wp-json\/wp\/v2\/types\/post"}],"author":[{"embeddable":true,"href":"https:\/\/sertv.gob.pa\/nacionalfm\/wp-json\/wp\/v2\/users\/1"}],"replies":[{"embeddable":true,"href":"https:\/\/sertv.gob.pa\/nacionalfm\/wp-json\/wp\/v2\/comments?post=3585"}],"version-history":[{"count":0,"href":"https:\/\/sertv.gob.pa\/nacionalfm\/wp-json\/wp\/v2\/posts\/3585\/revisions"}],"wp:featuredmedia":[{"embeddable":true,"href":"https:\/\/sertv.gob.pa\/nacionalfm\/wp-json\/wp\/v2\/media\/3586"}],"wp:attachment":[{"href":"https:\/\/sertv.gob.pa\/nacionalfm\/wp-json\/wp\/v2\/media?parent=3585"}],"wp:term":[{"taxonomy":"category","embeddable":true,"href":"https:\/\/sertv.gob.pa\/nacionalfm\/wp-json\/wp\/v2\/categories?post=3585"},{"taxonomy":"post_tag","embeddable":true,"href":"https:\/\/sertv.gob.pa\/nacionalfm\/wp-json\/wp\/v2\/tags?post=3585"}],"curies":[{"name":"wp","href":"https:\/\/api.w.org\/{rel}","templated":true}]}}