{"id":3587,"date":"2015-01-22T05:00:00","date_gmt":"2015-01-22T05:00:00","guid":{"rendered":""},"modified":"2015-01-22T05:00:00","modified_gmt":"2015-01-22T05:00:00","slug":"aplicaran-vacuna-contra-el-sarampion-en-cerro-batea","status":"publish","type":"post","link":"https:\/\/sertv.gob.pa\/nacionalfm\/aplicaran-vacuna-contra-el-sarampion-en-cerro-batea\/","title":{"rendered":"Aplicar\u00e1n vacuna contra el sarampi\u00f3n en Cerro Batea"},"content":{"rendered":"<p>\nJuan Biebarach, director de la Regi\u00f3n de Salud de San Miguelito, dio a conoer que en la jornada de salud que se ha programado para este domingo 25 de enero en Cerro Batea, se estar\u00e1 aplicando de manera gratuita la vacuna MR que protege contra el sarampi\u00f3n y la rubiola. <\/p>\n<p>El doctor Biebarach se\u00f1al\u00f3 que se har\u00e1 \u00e9nfasis en la aplicaci\u00f3n de esta vacuna, por la alerta sanitaria emitida ayer, en conferencia de prensa, por el Ministerio de Salud (MINSA), en la que se anunci\u00f3 las medidas de prevenci\u00f3n que adoptar\u00e1 la instituci\u00f3n ante los casos que se han reportado de esta enfermedad en Estados Unidos. <\/p>\n<p>Destac\u00f3 que es importante que la poblaci\u00f3n lleve la tarjeta de control de vacunaci\u00f3n a esta jornada de salud que se realizar\u00e1 de 7:00 de la ma\u00f1ana a 12:00 mediod\u00eda, en las instalaciones de la iglesia cat\u00f3lica Medalla Milagrosa. <\/p>\n<p>En esta jornada asimismo se estar\u00e1n aplicando, a la poblaci\u00f3n adulta e infantil, las otras vacunas que est\u00e1n dentro del Esquema Nacional de Vacunaci\u00f3n: influenza, rotavirus, tetano, papiloma virus, hexavalente, pentavalente y hepatitis A y B, entre otras. <\/p>\n<p>Igualmente, se ofrecer\u00e1n los servicios de medicina general, odontolog\u00eda, enfermer\u00eda, toma de presi\u00f3n arterial y ex\u00e1menes de papanicolaou, glucemia (ir en ayuno) y hemoglobina. Tambi\u00e9n, se entregar\u00e1n medicamentos\u00a0previa entrega de receta y se evaluar\u00e1 la condici\u00f3n nutricional de la poblaci\u00f3n infantil y de la tercera edad. <\/p>\n<p>\u00a0 <\/p>\n","protected":false},"excerpt":{"rendered":"<p>Juan Biebarach, director de la Regi\u00f3n de Salud de San <a href=\"https:\/\/sertv.gob.pa\/nacionalfm\/aplicaran-vacuna-contra-el-sarampion-en-cerro-batea\/\"> [&#8230;]<\/a><\/p>\n","protected":false},"author":1,"featured_media":3588,"comment_status":"closed","ping_status":"closed","sticky":false,"template":"","format":"standard","meta":{"footnotes":""},"categories":[5],"tags":[],"class_list":["post-3587","post","type-post","status-publish","format-standard","has-post-thumbnail","hentry","category-salud"],"_links":{"self":[{"href":"https:\/\/sertv.gob.pa\/nacionalfm\/wp-json\/wp\/v2\/posts\/3587","targetHints":{"allow":["GET"]}}],"collection":[{"href":"https:\/\/sertv.gob.pa\/nacionalfm\/wp-json\/wp\/v2\/posts"}],"about":[{"href":"https:\/\/sertv.gob.pa\/nacionalfm\/wp-json\/wp\/v2\/types\/post"}],"author":[{"embeddable":true,"href":"https:\/\/sertv.gob.pa\/nacionalfm\/wp-json\/wp\/v2\/users\/1"}],"replies":[{"embeddable":true,"href":"https:\/\/sertv.gob.pa\/nacionalfm\/wp-json\/wp\/v2\/comments?post=3587"}],"version-history":[{"count":0,"href":"https:\/\/sertv.gob.pa\/nacionalfm\/wp-json\/wp\/v2\/posts\/3587\/revisions"}],"wp:featuredmedia":[{"embeddable":true,"href":"https:\/\/sertv.gob.pa\/nacionalfm\/wp-json\/wp\/v2\/media\/3588"}],"wp:attachment":[{"href":"https:\/\/sertv.gob.pa\/nacionalfm\/wp-json\/wp\/v2\/media?parent=3587"}],"wp:term":[{"taxonomy":"category","embeddable":true,"href":"https:\/\/sertv.gob.pa\/nacionalfm\/wp-json\/wp\/v2\/categories?post=3587"},{"taxonomy":"post_tag","embeddable":true,"href":"https:\/\/sertv.gob.pa\/nacionalfm\/wp-json\/wp\/v2\/tags?post=3587"}],"curies":[{"name":"wp","href":"https:\/\/api.w.org\/{rel}","templated":true}]}}