{"id":3595,"date":"2015-01-22T05:00:00","date_gmt":"2015-01-22T05:00:00","guid":{"rendered":""},"modified":"2015-01-22T05:00:00","modified_gmt":"2015-01-22T05:00:00","slug":"merma-de-donantes-de-sangre-en-el-oncologico","status":"publish","type":"post","link":"https:\/\/sertv.gob.pa\/nacionalfm\/merma-de-donantes-de-sangre-en-el-oncologico\/","title":{"rendered":"Merma de donantes de sangre en el Oncol\u00f3gico"},"content":{"rendered":"<p>\nLa donaci\u00f3n de sangre por parte de ciudadanos voluntarios bajar\u00eda para los meses de enero, febrero y marzo, durante este inicio de a\u00f1o, por lo que autoridades de Salud solicitan a las instituciones y empresa privada cooperar con el voluntariado e impedir que pacientes cr\u00f3nicos retrasen sus tratamientos de urgencia. <\/p>\n<p> Actualmente, se ha dotado de equipos de donaci\u00f3n port\u00e1til, tipo ambulancia, que pueden ser llevados a los centros de trabajo, pero no son usados con la frecuencia que amerita, y mientras, el banco de sangre permanece \u00fanicamente con donaciones de familiares, situaci\u00f3n que complica el abastecimiento de pacientes procedentes del interior del pa\u00eds.  <\/p>\n<p>\u00a0 <\/p>\n<p>\u00a0 <\/p>\n<p>\u00a0 <\/p>\n","protected":false},"excerpt":{"rendered":"<p>La donaci\u00f3n de sangre por parte de ciudadanos voluntarios bajar\u00eda <a href=\"https:\/\/sertv.gob.pa\/nacionalfm\/merma-de-donantes-de-sangre-en-el-oncologico\/\"> [&#8230;]<\/a><\/p>\n","protected":false},"author":1,"featured_media":3596,"comment_status":"closed","ping_status":"closed","sticky":false,"template":"","format":"standard","meta":{"footnotes":""},"categories":[5],"tags":[],"class_list":["post-3595","post","type-post","status-publish","format-standard","has-post-thumbnail","hentry","category-salud"],"_links":{"self":[{"href":"https:\/\/sertv.gob.pa\/nacionalfm\/wp-json\/wp\/v2\/posts\/3595","targetHints":{"allow":["GET"]}}],"collection":[{"href":"https:\/\/sertv.gob.pa\/nacionalfm\/wp-json\/wp\/v2\/posts"}],"about":[{"href":"https:\/\/sertv.gob.pa\/nacionalfm\/wp-json\/wp\/v2\/types\/post"}],"author":[{"embeddable":true,"href":"https:\/\/sertv.gob.pa\/nacionalfm\/wp-json\/wp\/v2\/users\/1"}],"replies":[{"embeddable":true,"href":"https:\/\/sertv.gob.pa\/nacionalfm\/wp-json\/wp\/v2\/comments?post=3595"}],"version-history":[{"count":0,"href":"https:\/\/sertv.gob.pa\/nacionalfm\/wp-json\/wp\/v2\/posts\/3595\/revisions"}],"wp:featuredmedia":[{"embeddable":true,"href":"https:\/\/sertv.gob.pa\/nacionalfm\/wp-json\/wp\/v2\/media\/3596"}],"wp:attachment":[{"href":"https:\/\/sertv.gob.pa\/nacionalfm\/wp-json\/wp\/v2\/media?parent=3595"}],"wp:term":[{"taxonomy":"category","embeddable":true,"href":"https:\/\/sertv.gob.pa\/nacionalfm\/wp-json\/wp\/v2\/categories?post=3595"},{"taxonomy":"post_tag","embeddable":true,"href":"https:\/\/sertv.gob.pa\/nacionalfm\/wp-json\/wp\/v2\/tags?post=3595"}],"curies":[{"name":"wp","href":"https:\/\/api.w.org\/{rel}","templated":true}]}}