{"id":361,"date":"2014-07-17T05:00:00","date_gmt":"2014-07-17T05:00:00","guid":{"rendered":""},"modified":"2014-07-17T05:00:00","modified_gmt":"2014-07-17T05:00:00","slug":"de-12-a-45-sube-el-numero-de-casos-de-chikungunya-en-venezuela","status":"publish","type":"post","link":"https:\/\/sertv.gob.pa\/nacionalfm\/de-12-a-45-sube-el-numero-de-casos-de-chikungunya-en-venezuela\/","title":{"rendered":"De 12 a 45 sube  el n\u00famero de casos de chikungunya en Venezuela"},"content":{"rendered":"<p>El Ministerio de Salud de Venezuela dio a conocer \u00a0que la fiebre chikungunya pas\u00f3 de 12 hace un mes a 45 en la actualidad, con 43 casos importados del Caribe, Hait\u00ed y Rep\u00fablica Dominicana y 2 que no se ha establecido su procedencia.\u00a0 @nacionalFm<br \/>\n\u00a0<br \/>\n\u00a0<\/p>\n","protected":false},"excerpt":{"rendered":"<p>El Ministerio de Salud de Venezuela dio a conocer \u00a0que <a href=\"https:\/\/sertv.gob.pa\/nacionalfm\/de-12-a-45-sube-el-numero-de-casos-de-chikungunya-en-venezuela\/\"> [&#8230;]<\/a><\/p>\n","protected":false},"author":1,"featured_media":362,"comment_status":"closed","ping_status":"closed","sticky":false,"template":"","format":"standard","meta":{"footnotes":""},"categories":[5],"tags":[],"class_list":["post-361","post","type-post","status-publish","format-standard","has-post-thumbnail","hentry","category-salud"],"_links":{"self":[{"href":"https:\/\/sertv.gob.pa\/nacionalfm\/wp-json\/wp\/v2\/posts\/361","targetHints":{"allow":["GET"]}}],"collection":[{"href":"https:\/\/sertv.gob.pa\/nacionalfm\/wp-json\/wp\/v2\/posts"}],"about":[{"href":"https:\/\/sertv.gob.pa\/nacionalfm\/wp-json\/wp\/v2\/types\/post"}],"author":[{"embeddable":true,"href":"https:\/\/sertv.gob.pa\/nacionalfm\/wp-json\/wp\/v2\/users\/1"}],"replies":[{"embeddable":true,"href":"https:\/\/sertv.gob.pa\/nacionalfm\/wp-json\/wp\/v2\/comments?post=361"}],"version-history":[{"count":0,"href":"https:\/\/sertv.gob.pa\/nacionalfm\/wp-json\/wp\/v2\/posts\/361\/revisions"}],"wp:featuredmedia":[{"embeddable":true,"href":"https:\/\/sertv.gob.pa\/nacionalfm\/wp-json\/wp\/v2\/media\/362"}],"wp:attachment":[{"href":"https:\/\/sertv.gob.pa\/nacionalfm\/wp-json\/wp\/v2\/media?parent=361"}],"wp:term":[{"taxonomy":"category","embeddable":true,"href":"https:\/\/sertv.gob.pa\/nacionalfm\/wp-json\/wp\/v2\/categories?post=361"},{"taxonomy":"post_tag","embeddable":true,"href":"https:\/\/sertv.gob.pa\/nacionalfm\/wp-json\/wp\/v2\/tags?post=361"}],"curies":[{"name":"wp","href":"https:\/\/api.w.org\/{rel}","templated":true}]}}