{"id":3617,"date":"2015-01-23T05:00:00","date_gmt":"2015-01-23T05:00:00","guid":{"rendered":""},"modified":"2015-01-23T05:00:00","modified_gmt":"2015-01-23T05:00:00","slug":"centro-de-salud-de-portobelillo-en-herrera-se-reabre","status":"publish","type":"post","link":"https:\/\/sertv.gob.pa\/nacionalfm\/centro-de-salud-de-portobelillo-en-herrera-se-reabre\/","title":{"rendered":"Centro de salud de Portobelillo en Herrera se reabre"},"content":{"rendered":"<p>\nLuego de ocho a\u00f1os de permanecer cerrado, fue abierto el subcentro de salud de Portobelillo, en Parita, provincia de Herrera, inform\u00f3 Alcibiades Dom\u00ednguez, director regional de Salud. <\/p>\n<p> Se\u00f1al\u00f3 \u00a0que de ahora en adelante los residentes de esta comunidad recibir\u00e1n atenci\u00f3n de parte de un m\u00e9dico general una vez por semana, as\u00ed como de una enfermera, y de personal de farmacia.  <\/p>\n<p> El representante de Portobelillo, Luis Gabriel Ara\u00faz, expres\u00f3 que esta instalaci\u00f3n beneficiar\u00e1 a m\u00e1s de 800 moradores de esta poblaci\u00f3n. \u00a0  <\/p>\n<p>\u00a0 <\/p>\n","protected":false},"excerpt":{"rendered":"<p>Luego de ocho a\u00f1os de permanecer cerrado, fue abierto el <a href=\"https:\/\/sertv.gob.pa\/nacionalfm\/centro-de-salud-de-portobelillo-en-herrera-se-reabre\/\"> [&#8230;]<\/a><\/p>\n","protected":false},"author":1,"featured_media":3618,"comment_status":"closed","ping_status":"closed","sticky":false,"template":"","format":"standard","meta":{"footnotes":""},"categories":[5],"tags":[],"class_list":["post-3617","post","type-post","status-publish","format-standard","has-post-thumbnail","hentry","category-salud"],"_links":{"self":[{"href":"https:\/\/sertv.gob.pa\/nacionalfm\/wp-json\/wp\/v2\/posts\/3617","targetHints":{"allow":["GET"]}}],"collection":[{"href":"https:\/\/sertv.gob.pa\/nacionalfm\/wp-json\/wp\/v2\/posts"}],"about":[{"href":"https:\/\/sertv.gob.pa\/nacionalfm\/wp-json\/wp\/v2\/types\/post"}],"author":[{"embeddable":true,"href":"https:\/\/sertv.gob.pa\/nacionalfm\/wp-json\/wp\/v2\/users\/1"}],"replies":[{"embeddable":true,"href":"https:\/\/sertv.gob.pa\/nacionalfm\/wp-json\/wp\/v2\/comments?post=3617"}],"version-history":[{"count":0,"href":"https:\/\/sertv.gob.pa\/nacionalfm\/wp-json\/wp\/v2\/posts\/3617\/revisions"}],"wp:featuredmedia":[{"embeddable":true,"href":"https:\/\/sertv.gob.pa\/nacionalfm\/wp-json\/wp\/v2\/media\/3618"}],"wp:attachment":[{"href":"https:\/\/sertv.gob.pa\/nacionalfm\/wp-json\/wp\/v2\/media?parent=3617"}],"wp:term":[{"taxonomy":"category","embeddable":true,"href":"https:\/\/sertv.gob.pa\/nacionalfm\/wp-json\/wp\/v2\/categories?post=3617"},{"taxonomy":"post_tag","embeddable":true,"href":"https:\/\/sertv.gob.pa\/nacionalfm\/wp-json\/wp\/v2\/tags?post=3617"}],"curies":[{"name":"wp","href":"https:\/\/api.w.org\/{rel}","templated":true}]}}