{"id":3619,"date":"2015-01-23T05:00:00","date_gmt":"2015-01-23T05:00:00","guid":{"rendered":""},"modified":"2015-01-23T05:00:00","modified_gmt":"2015-01-23T05:00:00","slug":"levantan-cuarentena-por-ebola-en-sierra-leona","status":"publish","type":"post","link":"https:\/\/sertv.gob.pa\/nacionalfm\/levantan-cuarentena-por-ebola-en-sierra-leona\/","title":{"rendered":"Levantan cuarentena por \u00e9bola en Sierra Leona"},"content":{"rendered":"<p>\nEl gobierno de Sierra Leona levant\u00f3 este viernes las medidas de cuarentena impuestas para contener la propagaci\u00f3n del \u00e9bola. <\/p>\n<p>Para justificar la decisi\u00f3n, el presidente Ernest Bai Korona expres\u00f3 que la victoria en la lucha contra la enfermedad \u00abest\u00e1 a la vista\u00bb. <\/p>\n<p>Y explic\u00f3 que se acabar\u00e1 con la restricci\u00f3n de movimiento para permitir la recuperaci\u00f3n econ\u00f3mica del pa\u00eds. <\/p>\n<p>El virus mat\u00f3 a m\u00e1s de 3.000 personas en Sierra Leona durante el a\u00f1o pasado, pero \u00fanicamente se confirmaron nueve nuevos casos de infecci\u00f3n la semana pasada. <\/p>\n<p>A\u00fan as\u00ed, el presidente Koroma hab\u00eda dicho que no ceder\u00eda en la campa\u00f1a para erradicar la enfermedad. <\/p>\n<p>La decisi\u00f3n de Sierra Leona coincide con la llegada de la vacuna experimental contra el virus a Liberia, otro de los pa\u00edses de \u00c1frica occidental afectados por el brote. <\/p>\n<p>\u00a0 <\/p>\n","protected":false},"excerpt":{"rendered":"<p>El gobierno de Sierra Leona levant\u00f3 este viernes las medidas <a href=\"https:\/\/sertv.gob.pa\/nacionalfm\/levantan-cuarentena-por-ebola-en-sierra-leona\/\"> [&#8230;]<\/a><\/p>\n","protected":false},"author":1,"featured_media":3620,"comment_status":"closed","ping_status":"closed","sticky":false,"template":"","format":"standard","meta":{"footnotes":""},"categories":[5],"tags":[],"class_list":["post-3619","post","type-post","status-publish","format-standard","has-post-thumbnail","hentry","category-salud"],"_links":{"self":[{"href":"https:\/\/sertv.gob.pa\/nacionalfm\/wp-json\/wp\/v2\/posts\/3619","targetHints":{"allow":["GET"]}}],"collection":[{"href":"https:\/\/sertv.gob.pa\/nacionalfm\/wp-json\/wp\/v2\/posts"}],"about":[{"href":"https:\/\/sertv.gob.pa\/nacionalfm\/wp-json\/wp\/v2\/types\/post"}],"author":[{"embeddable":true,"href":"https:\/\/sertv.gob.pa\/nacionalfm\/wp-json\/wp\/v2\/users\/1"}],"replies":[{"embeddable":true,"href":"https:\/\/sertv.gob.pa\/nacionalfm\/wp-json\/wp\/v2\/comments?post=3619"}],"version-history":[{"count":0,"href":"https:\/\/sertv.gob.pa\/nacionalfm\/wp-json\/wp\/v2\/posts\/3619\/revisions"}],"wp:featuredmedia":[{"embeddable":true,"href":"https:\/\/sertv.gob.pa\/nacionalfm\/wp-json\/wp\/v2\/media\/3620"}],"wp:attachment":[{"href":"https:\/\/sertv.gob.pa\/nacionalfm\/wp-json\/wp\/v2\/media?parent=3619"}],"wp:term":[{"taxonomy":"category","embeddable":true,"href":"https:\/\/sertv.gob.pa\/nacionalfm\/wp-json\/wp\/v2\/categories?post=3619"},{"taxonomy":"post_tag","embeddable":true,"href":"https:\/\/sertv.gob.pa\/nacionalfm\/wp-json\/wp\/v2\/tags?post=3619"}],"curies":[{"name":"wp","href":"https:\/\/api.w.org\/{rel}","templated":true}]}}