{"id":3627,"date":"2015-01-24T05:00:00","date_gmt":"2015-01-24T05:00:00","guid":{"rendered":""},"modified":"2015-01-24T05:00:00","modified_gmt":"2015-01-24T05:00:00","slug":"dispositivo-que-usa-frio-extremo-para-tratar-cancer-cervical","status":"publish","type":"post","link":"https:\/\/sertv.gob.pa\/nacionalfm\/dispositivo-que-usa-frio-extremo-para-tratar-cancer-cervical\/","title":{"rendered":"Dispositivo que usa fr\u00edo extremo para tratar c\u00e1ncer cervical"},"content":{"rendered":"<p>\nSeg\u00fan la Organizaci\u00f3n Mundial de la Salud, anualmente fallecen globalmente cerca de \u00a0250.000 mujeres por c\u00e1ncer de cuello uterino, y m\u00e1s del 80% de los decesos tienen lugar en pa\u00edses en desarrollo. <\/p>\n<p>Las muertes se registran a pesar de que el c\u00e1ncer de cuello uterino puede ser detectado en forma temprana y curado mediante la utilizaci\u00f3n de fr\u00edo extremo para destruir las c\u00e9lulas precursoras de c\u00e1ncer. <\/p>\n<p>En Per\u00fa, un grupo de cient\u00edficos est\u00e1 utilizando un dispositivo port\u00e1til llamado  CryoPen  para matar esas c\u00e9lulas anormales con fr\u00edo. El instrumento ya se usaba en el tratamiento de c\u00e1ncer de piel, pero es la primera vez que un estudio intenta determinar su eficacia en el caso de c\u00e1ncer de cuello uterino. <\/p>\n<p>El estudio es efectuado por investigadores del Instituto Nacional de Enfermedades Neopl\u00e1sticas (INEN), en Per\u00fa, y la organizaci\u00f3n no gubernamental internacional dedicada a la innovaci\u00f3n en salud global, PATH, con sede en Seattle, Estados Unidos. <\/p>\n<p>\u00a0 <\/p>\n","protected":false},"excerpt":{"rendered":"<p>Seg\u00fan la Organizaci\u00f3n Mundial de la Salud, anualmente fallecen globalmente <a href=\"https:\/\/sertv.gob.pa\/nacionalfm\/dispositivo-que-usa-frio-extremo-para-tratar-cancer-cervical\/\"> [&#8230;]<\/a><\/p>\n","protected":false},"author":1,"featured_media":3628,"comment_status":"closed","ping_status":"closed","sticky":false,"template":"","format":"standard","meta":{"footnotes":""},"categories":[5],"tags":[],"class_list":["post-3627","post","type-post","status-publish","format-standard","has-post-thumbnail","hentry","category-salud"],"_links":{"self":[{"href":"https:\/\/sertv.gob.pa\/nacionalfm\/wp-json\/wp\/v2\/posts\/3627","targetHints":{"allow":["GET"]}}],"collection":[{"href":"https:\/\/sertv.gob.pa\/nacionalfm\/wp-json\/wp\/v2\/posts"}],"about":[{"href":"https:\/\/sertv.gob.pa\/nacionalfm\/wp-json\/wp\/v2\/types\/post"}],"author":[{"embeddable":true,"href":"https:\/\/sertv.gob.pa\/nacionalfm\/wp-json\/wp\/v2\/users\/1"}],"replies":[{"embeddable":true,"href":"https:\/\/sertv.gob.pa\/nacionalfm\/wp-json\/wp\/v2\/comments?post=3627"}],"version-history":[{"count":0,"href":"https:\/\/sertv.gob.pa\/nacionalfm\/wp-json\/wp\/v2\/posts\/3627\/revisions"}],"wp:featuredmedia":[{"embeddable":true,"href":"https:\/\/sertv.gob.pa\/nacionalfm\/wp-json\/wp\/v2\/media\/3628"}],"wp:attachment":[{"href":"https:\/\/sertv.gob.pa\/nacionalfm\/wp-json\/wp\/v2\/media?parent=3627"}],"wp:term":[{"taxonomy":"category","embeddable":true,"href":"https:\/\/sertv.gob.pa\/nacionalfm\/wp-json\/wp\/v2\/categories?post=3627"},{"taxonomy":"post_tag","embeddable":true,"href":"https:\/\/sertv.gob.pa\/nacionalfm\/wp-json\/wp\/v2\/tags?post=3627"}],"curies":[{"name":"wp","href":"https:\/\/api.w.org\/{rel}","templated":true}]}}