{"id":3649,"date":"2015-01-25T05:00:00","date_gmt":"2015-01-25T05:00:00","guid":{"rendered":""},"modified":"2015-01-25T05:00:00","modified_gmt":"2015-01-25T05:00:00","slug":"ninos-puertorriquenos-en-eu-tienen-mayor-peligro-de-asma","status":"publish","type":"post","link":"https:\/\/sertv.gob.pa\/nacionalfm\/ninos-puertorriquenos-en-eu-tienen-mayor-peligro-de-asma\/","title":{"rendered":"Ni\u00f1os puertorrique\u00f1os en EU tienen mayor peligro de asma"},"content":{"rendered":"<p>\nUn estudio divulgado en Estados Unidos revel\u00f3 que el peligro de sufrir asma en la infancia est\u00e1 vinculado al hecho de ser negro o de origen puertorrique\u00f1o. <\/p>\n<p>La investigaci\u00f3n, conducida sobre 23,000 ni\u00f1os de entre 6 y 17 a\u00f1os, desmiente la hip\u00f3tesis predominante desde hace medio siglo, seg\u00fan la cual el medio ambiente urbano propicia el desarrollo de esta alergia de las v\u00edas respiratorias debido a la presencia de m\u00e1s alerg\u00e9nicos en las zonas menos urbanizadas. <\/p>\n<p>Los trabajos, publicados en la revista especializada Allergy and Clinical Immunology, revelaron que hay poca diferencia en la tasa de asma entre los ni\u00f1os que viven en las ciudades (13%) y los que viven en las periferias o en zonas rurales (11%). <\/p>\n<p>Pero el estudio conducido por investigadores de la Universidad Johns Hopkins en Baltimore (Maryland, este) muestra que el ingreso econ\u00f3mico de los padres, la raza y el origen \u00e9tnico parecen jugar un papel mucho m\u00e1s determinante en el riesgo de padecer asma entre los ni\u00f1os que el ambiente f\u00edsico en el que viven. <\/p>\n<p>Las tasas de asma entre los j\u00f3venes negros y puertorrique\u00f1os en Estados Unidos son notoriamente m\u00e1s elevadas (17% y 20% respectivamente) que entre los blancos (10%), el resto de los hispanos (9%) y los asi\u00e1ticos (8%). <\/p>\n<p>Por tanto, ser negro o puertorrique\u00f1o puede ser un factor de riesgo, independientemente de si viven en barrios pobres o no, del nivel de ingreso de los padres o de la zona geogr\u00e1fica de residencia, dijeron los investigadores. Seg\u00fan ellos, los negros y puertorrique\u00f1os en Estados Unidos tienen este riesgo incrementado en parte por predisposici\u00f3n gen\u00e9tica. <\/p>\n<p>\u00a0 <\/p>\n","protected":false},"excerpt":{"rendered":"<p>Un estudio divulgado en Estados Unidos revel\u00f3 que el peligro <a href=\"https:\/\/sertv.gob.pa\/nacionalfm\/ninos-puertorriquenos-en-eu-tienen-mayor-peligro-de-asma\/\"> [&#8230;]<\/a><\/p>\n","protected":false},"author":1,"featured_media":3650,"comment_status":"closed","ping_status":"closed","sticky":false,"template":"","format":"standard","meta":{"footnotes":""},"categories":[5],"tags":[],"class_list":["post-3649","post","type-post","status-publish","format-standard","has-post-thumbnail","hentry","category-salud"],"_links":{"self":[{"href":"https:\/\/sertv.gob.pa\/nacionalfm\/wp-json\/wp\/v2\/posts\/3649","targetHints":{"allow":["GET"]}}],"collection":[{"href":"https:\/\/sertv.gob.pa\/nacionalfm\/wp-json\/wp\/v2\/posts"}],"about":[{"href":"https:\/\/sertv.gob.pa\/nacionalfm\/wp-json\/wp\/v2\/types\/post"}],"author":[{"embeddable":true,"href":"https:\/\/sertv.gob.pa\/nacionalfm\/wp-json\/wp\/v2\/users\/1"}],"replies":[{"embeddable":true,"href":"https:\/\/sertv.gob.pa\/nacionalfm\/wp-json\/wp\/v2\/comments?post=3649"}],"version-history":[{"count":0,"href":"https:\/\/sertv.gob.pa\/nacionalfm\/wp-json\/wp\/v2\/posts\/3649\/revisions"}],"wp:featuredmedia":[{"embeddable":true,"href":"https:\/\/sertv.gob.pa\/nacionalfm\/wp-json\/wp\/v2\/media\/3650"}],"wp:attachment":[{"href":"https:\/\/sertv.gob.pa\/nacionalfm\/wp-json\/wp\/v2\/media?parent=3649"}],"wp:term":[{"taxonomy":"category","embeddable":true,"href":"https:\/\/sertv.gob.pa\/nacionalfm\/wp-json\/wp\/v2\/categories?post=3649"},{"taxonomy":"post_tag","embeddable":true,"href":"https:\/\/sertv.gob.pa\/nacionalfm\/wp-json\/wp\/v2\/tags?post=3649"}],"curies":[{"name":"wp","href":"https:\/\/api.w.org\/{rel}","templated":true}]}}