{"id":3651,"date":"2015-01-26T05:00:00","date_gmt":"2015-01-26T05:00:00","guid":{"rendered":""},"modified":"2015-01-26T05:00:00","modified_gmt":"2015-01-26T05:00:00","slug":"vacunan-contra-el-sarampion-en-san-miguelito","status":"publish","type":"post","link":"https:\/\/sertv.gob.pa\/nacionalfm\/vacunan-contra-el-sarampion-en-san-miguelito\/","title":{"rendered":"Vacunan contra el sarampi\u00f3n en San Miguelito"},"content":{"rendered":"<p>\nNi\u00f1os y adultos fueron vacunados de forma gratuita, este domingo 25 de enero, contra el sarampi\u00f3n, papera y rub\u00e9ola, durante la jornada de salud que organiz\u00f3 la Regi\u00f3n de Salud de San Miguelito, Las Cumbres y Chilibre, en las instalaciones de la iglesia cat\u00f3lica Medalla Milagrosa, en Cerro Batea. <\/p>\n<p>En esta jornada se aument\u00f3 la distribuci\u00f3n de \u00a0las vacunas \u00a0MR (sarampi\u00f3n y rub\u00e9ola), que se aplica a los adultos y la MMR (sarampi\u00f3n, paperas y rub\u00e9ola), que se aplica a los ni\u00f1os a partir del primer a\u00f1o de vida. <\/p>\n<p>El doctor Juan Biebarach, director regional de salud de este distrito, explic\u00f3 que la\u00a0vacuna MMR se aplic\u00f3 en el primer\u00a0 semestre de 2012 a 7 mil 330\u00a0\u00a0ni\u00f1os de un a\u00f1o, mientras que en el primer semestre de 2013\u00a0 se aplicaron 7 mil 633 y en el 2014 unas 3 mil 420. <\/p>\n<p>Subray\u00f3 que en los ocho centros de salud\u00a0 de San\u00a0 Miguelito se cuenta con suficientes dosis de estas vacunas y\u00a0 que las personas que no se la han aplicado pueden acudir\u00a0 a estas instalaciones de 7:00\u00a0 a.m. a 3:00 p.m., de lunes a viernes, con su tarjeta de vacunaci\u00f3n. <\/p>\n<p>\u00a0 <\/p>\n","protected":false},"excerpt":{"rendered":"<p>Ni\u00f1os y adultos fueron vacunados de forma gratuita, este domingo <a href=\"https:\/\/sertv.gob.pa\/nacionalfm\/vacunan-contra-el-sarampion-en-san-miguelito\/\"> [&#8230;]<\/a><\/p>\n","protected":false},"author":1,"featured_media":3652,"comment_status":"closed","ping_status":"closed","sticky":false,"template":"","format":"standard","meta":{"footnotes":""},"categories":[5],"tags":[],"class_list":["post-3651","post","type-post","status-publish","format-standard","has-post-thumbnail","hentry","category-salud"],"_links":{"self":[{"href":"https:\/\/sertv.gob.pa\/nacionalfm\/wp-json\/wp\/v2\/posts\/3651","targetHints":{"allow":["GET"]}}],"collection":[{"href":"https:\/\/sertv.gob.pa\/nacionalfm\/wp-json\/wp\/v2\/posts"}],"about":[{"href":"https:\/\/sertv.gob.pa\/nacionalfm\/wp-json\/wp\/v2\/types\/post"}],"author":[{"embeddable":true,"href":"https:\/\/sertv.gob.pa\/nacionalfm\/wp-json\/wp\/v2\/users\/1"}],"replies":[{"embeddable":true,"href":"https:\/\/sertv.gob.pa\/nacionalfm\/wp-json\/wp\/v2\/comments?post=3651"}],"version-history":[{"count":0,"href":"https:\/\/sertv.gob.pa\/nacionalfm\/wp-json\/wp\/v2\/posts\/3651\/revisions"}],"wp:featuredmedia":[{"embeddable":true,"href":"https:\/\/sertv.gob.pa\/nacionalfm\/wp-json\/wp\/v2\/media\/3652"}],"wp:attachment":[{"href":"https:\/\/sertv.gob.pa\/nacionalfm\/wp-json\/wp\/v2\/media?parent=3651"}],"wp:term":[{"taxonomy":"category","embeddable":true,"href":"https:\/\/sertv.gob.pa\/nacionalfm\/wp-json\/wp\/v2\/categories?post=3651"},{"taxonomy":"post_tag","embeddable":true,"href":"https:\/\/sertv.gob.pa\/nacionalfm\/wp-json\/wp\/v2\/tags?post=3651"}],"curies":[{"name":"wp","href":"https:\/\/api.w.org\/{rel}","templated":true}]}}