{"id":3653,"date":"2015-01-26T05:00:00","date_gmt":"2015-01-26T05:00:00","guid":{"rendered":""},"modified":"2015-01-26T05:00:00","modified_gmt":"2015-01-26T05:00:00","slug":"en-brasil-descubren-proteina-en-cafe-con-efectos-parecidos-a-la-morfina","status":"publish","type":"post","link":"https:\/\/sertv.gob.pa\/nacionalfm\/en-brasil-descubren-proteina-en-cafe-con-efectos-parecidos-a-la-morfina\/","title":{"rendered":"En Brasil descubren prote\u00edna en caf\u00e9 con efectos parecidos a la morfina"},"content":{"rendered":"<p>\nInvestigaci\u00f3n desarrollada por las estatales Universidad de Brasilia (UnB) y la compa\u00f1\u00eda brasile\u00f1a de investigaciones agropecuarias Embrapa descubri\u00f3 una prote\u00edna en el caf\u00e9 con efectos similares a la morfina, informaron fuentes cient\u00edficas.\u00a0 <\/p>\n<p>En un comunicado de la Embrapa, la estatal indic\u00f3 que su divisi\u00f3n de Recursos Gen\u00e9ticos y Biotecnolog\u00eda y la UnB lograron &ldquo;identificar fragmentos de prote\u00edna (p\u00e9ptidos) in\u00e9ditos en el caf\u00e9 con efecto similar al de la morfina, o sea, presentan actividad analg\u00e9sica y ansiol\u00edtico&rdquo;.\u00a0 <\/p>\n<p>Ese efecto, apunt\u00f3 la informaci\u00f3n, &ldquo;tiene un diferencial positivo: mayor tiempo de duraci\u00f3n de esos efectos en experimentos con ratones de laboratorio&rdquo;.\u00a0 <\/p>\n","protected":false},"excerpt":{"rendered":"<p>Investigaci\u00f3n desarrollada por las estatales Universidad de Brasilia (UnB) y <a href=\"https:\/\/sertv.gob.pa\/nacionalfm\/en-brasil-descubren-proteina-en-cafe-con-efectos-parecidos-a-la-morfina\/\"> [&#8230;]<\/a><\/p>\n","protected":false},"author":1,"featured_media":3654,"comment_status":"closed","ping_status":"closed","sticky":false,"template":"","format":"standard","meta":{"footnotes":""},"categories":[5],"tags":[],"class_list":["post-3653","post","type-post","status-publish","format-standard","has-post-thumbnail","hentry","category-salud"],"_links":{"self":[{"href":"https:\/\/sertv.gob.pa\/nacionalfm\/wp-json\/wp\/v2\/posts\/3653","targetHints":{"allow":["GET"]}}],"collection":[{"href":"https:\/\/sertv.gob.pa\/nacionalfm\/wp-json\/wp\/v2\/posts"}],"about":[{"href":"https:\/\/sertv.gob.pa\/nacionalfm\/wp-json\/wp\/v2\/types\/post"}],"author":[{"embeddable":true,"href":"https:\/\/sertv.gob.pa\/nacionalfm\/wp-json\/wp\/v2\/users\/1"}],"replies":[{"embeddable":true,"href":"https:\/\/sertv.gob.pa\/nacionalfm\/wp-json\/wp\/v2\/comments?post=3653"}],"version-history":[{"count":0,"href":"https:\/\/sertv.gob.pa\/nacionalfm\/wp-json\/wp\/v2\/posts\/3653\/revisions"}],"wp:featuredmedia":[{"embeddable":true,"href":"https:\/\/sertv.gob.pa\/nacionalfm\/wp-json\/wp\/v2\/media\/3654"}],"wp:attachment":[{"href":"https:\/\/sertv.gob.pa\/nacionalfm\/wp-json\/wp\/v2\/media?parent=3653"}],"wp:term":[{"taxonomy":"category","embeddable":true,"href":"https:\/\/sertv.gob.pa\/nacionalfm\/wp-json\/wp\/v2\/categories?post=3653"},{"taxonomy":"post_tag","embeddable":true,"href":"https:\/\/sertv.gob.pa\/nacionalfm\/wp-json\/wp\/v2\/tags?post=3653"}],"curies":[{"name":"wp","href":"https:\/\/api.w.org\/{rel}","templated":true}]}}