{"id":3659,"date":"2015-01-26T05:00:00","date_gmt":"2015-01-26T05:00:00","guid":{"rendered":""},"modified":"2015-01-26T05:00:00","modified_gmt":"2015-01-26T05:00:00","slug":"erradicacion-de-95-de-casos-de-sida-en-15-anos","status":"publish","type":"post","link":"https:\/\/sertv.gob.pa\/nacionalfm\/erradicacion-de-95-de-casos-de-sida-en-15-anos\/","title":{"rendered":"Erradicaci\u00f3n de 95% de casos de sida en 15 a\u00f1os"},"content":{"rendered":"<p>\nEl fundador de Microsoft, Bill Gates, manifest\u00f3 creer que el n\u00famero de casos de sida podr\u00edan disminuirse en m\u00e1s de 95% en 15 a\u00f1os, si las vacunas contra la enfermedad y nuevos tratamientos intensivos con medicamentos son desarrollados con \u00e9xito. <\/p>\n<p>Hablando en el Foro Econ\u00f3mico Mundial, en Davos, Gates expres\u00f3 su optimismo ante los avances. <\/p>\n<p>Resalt\u00f3 que \u00e9stos eran vitales en la lucha contra el virus y que se alcanzar\u00edan para 2030. <\/p>\n<p>La Fundaci\u00f3n Bill y Melinda Gates ha invertido millones de d\u00f3lares en la investigaci\u00f3n contra el sida. <\/p>\n<p>\u00a0 <\/p>\n","protected":false},"excerpt":{"rendered":"<p>El fundador de Microsoft, Bill Gates, manifest\u00f3 creer que el <a href=\"https:\/\/sertv.gob.pa\/nacionalfm\/erradicacion-de-95-de-casos-de-sida-en-15-anos\/\"> [&#8230;]<\/a><\/p>\n","protected":false},"author":1,"featured_media":3660,"comment_status":"closed","ping_status":"closed","sticky":false,"template":"","format":"standard","meta":{"footnotes":""},"categories":[5],"tags":[],"class_list":["post-3659","post","type-post","status-publish","format-standard","has-post-thumbnail","hentry","category-salud"],"_links":{"self":[{"href":"https:\/\/sertv.gob.pa\/nacionalfm\/wp-json\/wp\/v2\/posts\/3659","targetHints":{"allow":["GET"]}}],"collection":[{"href":"https:\/\/sertv.gob.pa\/nacionalfm\/wp-json\/wp\/v2\/posts"}],"about":[{"href":"https:\/\/sertv.gob.pa\/nacionalfm\/wp-json\/wp\/v2\/types\/post"}],"author":[{"embeddable":true,"href":"https:\/\/sertv.gob.pa\/nacionalfm\/wp-json\/wp\/v2\/users\/1"}],"replies":[{"embeddable":true,"href":"https:\/\/sertv.gob.pa\/nacionalfm\/wp-json\/wp\/v2\/comments?post=3659"}],"version-history":[{"count":0,"href":"https:\/\/sertv.gob.pa\/nacionalfm\/wp-json\/wp\/v2\/posts\/3659\/revisions"}],"wp:featuredmedia":[{"embeddable":true,"href":"https:\/\/sertv.gob.pa\/nacionalfm\/wp-json\/wp\/v2\/media\/3660"}],"wp:attachment":[{"href":"https:\/\/sertv.gob.pa\/nacionalfm\/wp-json\/wp\/v2\/media?parent=3659"}],"wp:term":[{"taxonomy":"category","embeddable":true,"href":"https:\/\/sertv.gob.pa\/nacionalfm\/wp-json\/wp\/v2\/categories?post=3659"},{"taxonomy":"post_tag","embeddable":true,"href":"https:\/\/sertv.gob.pa\/nacionalfm\/wp-json\/wp\/v2\/tags?post=3659"}],"curies":[{"name":"wp","href":"https:\/\/api.w.org\/{rel}","templated":true}]}}