{"id":3677,"date":"2015-01-27T05:00:00","date_gmt":"2015-01-27T05:00:00","guid":{"rendered":""},"modified":"2015-01-27T05:00:00","modified_gmt":"2015-01-27T05:00:00","slug":"solicitaran-subsidio-para-lucha-contra-el-tabaquismo","status":"publish","type":"post","link":"https:\/\/sertv.gob.pa\/nacionalfm\/solicitaran-subsidio-para-lucha-contra-el-tabaquismo\/","title":{"rendered":"Solicitar\u00e1n subsidio para lucha contra el tabaquismo"},"content":{"rendered":"<p>\nA seis meses de una administraci\u00f3n que se ha caracterizado por implementar y proponer subsidios estatales a diversos sectores, las ONG que se dedican a la lucha contra el tabaquismo estar\u00edan proponiendo un incremento del impuesto al tabaco, y que parte de estos fondos sean canalizados hacia los proyectos que implementan en el pa\u00eds. <\/p>\n<p>Nelida Gligo, presidenta de la Coalici\u00f3n Paname\u00f1a Contra el Tabaquismo (Copacet), confirm\u00f3 que ya se halla en la Asamblea Nacional una propuesta que contiene una serie de modificaciones a la Ley N.\u00b0 13 del 24 de enero de 2008, que adopta medidas para el control del tabaco y sus efectos nocivos en la salud. <\/p>\n<p>Gligo se\u00f1al\u00f3 que &ldquo;ser\u00e1n una sorpresa&rdquo; las medidas que se presentar\u00e1n, y cuyos primeros debates se espera empiecen esta misma semana en la Comisi\u00f3n de Salud de la Asamblea. <\/p>\n<p>La vocera de Copacet reiter\u00f3 que el prop\u00f3sito es hacer m\u00e1s estricta la Ley 13, pero igualmente record\u00f3 que es justo que las cerca de 20 ONG que efect\u00faas la labor social de combate al tabaquismo reciban un apoyo estatal. <\/p>\n<p>La discusi\u00f3n de las reformas a la ley del tabaco podr\u00eda darse en medio de un debate en curso con el que se busca asimismo aumentar el impuesto de la cerveza. <\/p>\n<p>\u00a0 <\/p>\n","protected":false},"excerpt":{"rendered":"<p>A seis meses de una administraci\u00f3n que se ha caracterizado <a href=\"https:\/\/sertv.gob.pa\/nacionalfm\/solicitaran-subsidio-para-lucha-contra-el-tabaquismo\/\"> [&#8230;]<\/a><\/p>\n","protected":false},"author":1,"featured_media":3678,"comment_status":"closed","ping_status":"closed","sticky":false,"template":"","format":"standard","meta":{"footnotes":""},"categories":[5],"tags":[],"class_list":["post-3677","post","type-post","status-publish","format-standard","has-post-thumbnail","hentry","category-salud"],"_links":{"self":[{"href":"https:\/\/sertv.gob.pa\/nacionalfm\/wp-json\/wp\/v2\/posts\/3677","targetHints":{"allow":["GET"]}}],"collection":[{"href":"https:\/\/sertv.gob.pa\/nacionalfm\/wp-json\/wp\/v2\/posts"}],"about":[{"href":"https:\/\/sertv.gob.pa\/nacionalfm\/wp-json\/wp\/v2\/types\/post"}],"author":[{"embeddable":true,"href":"https:\/\/sertv.gob.pa\/nacionalfm\/wp-json\/wp\/v2\/users\/1"}],"replies":[{"embeddable":true,"href":"https:\/\/sertv.gob.pa\/nacionalfm\/wp-json\/wp\/v2\/comments?post=3677"}],"version-history":[{"count":0,"href":"https:\/\/sertv.gob.pa\/nacionalfm\/wp-json\/wp\/v2\/posts\/3677\/revisions"}],"wp:featuredmedia":[{"embeddable":true,"href":"https:\/\/sertv.gob.pa\/nacionalfm\/wp-json\/wp\/v2\/media\/3678"}],"wp:attachment":[{"href":"https:\/\/sertv.gob.pa\/nacionalfm\/wp-json\/wp\/v2\/media?parent=3677"}],"wp:term":[{"taxonomy":"category","embeddable":true,"href":"https:\/\/sertv.gob.pa\/nacionalfm\/wp-json\/wp\/v2\/categories?post=3677"},{"taxonomy":"post_tag","embeddable":true,"href":"https:\/\/sertv.gob.pa\/nacionalfm\/wp-json\/wp\/v2\/tags?post=3677"}],"curies":[{"name":"wp","href":"https:\/\/api.w.org\/{rel}","templated":true}]}}