{"id":3681,"date":"2015-01-27T05:00:00","date_gmt":"2015-01-27T05:00:00","guid":{"rendered":""},"modified":"2015-01-27T05:00:00","modified_gmt":"2015-01-27T05:00:00","slug":"solicitan-plan-marshall-de-ayuda-a-paises-afectados-por-ebola","status":"publish","type":"post","link":"https:\/\/sertv.gob.pa\/nacionalfm\/solicitan-plan-marshall-de-ayuda-a-paises-afectados-por-ebola\/","title":{"rendered":"Solicitan \u00abplan Marshall\u00bb de ayuda a pa\u00edses afectados por \u00e9bola"},"content":{"rendered":"<p>\nLa organizaci\u00f3n no gubernamental Oxfam hizo\u00a0 un llamamiento para que se ponga en marcha un \u00abplan Marshall\u00bb para ayudar a los tres pa\u00edses m\u00e1s afectados por el \u00e9bola en el oeste de \u00c1frica: Sierra Leona, Liberia y Guinea. <\/p>\n<p>Oxfam, mediante un comunicado, indic\u00f3 que la comunidad internacional \u00abno puede titubear\u00bb ante esta estrategia de recuperaci\u00f3n para \u00abayudar a promover un crecimiento inclusivo de las econom\u00edas de estos pa\u00edses, como lo hizo en su respuesta a la crisis del virus del \u00e9bola\u00bb. <\/p>\n<p>Para la organizaci\u00f3n no gubernamental, que tiene su sede central en Londres, el \u00e9xito se obtendr\u00eda mediante tres aspectos: \u00abayuda econ\u00f3mica inmediata para las familias afectadas, promoci\u00f3n del empleo, y financiaci\u00f3n de servicios sociales b\u00e1sicos\u00bb. <\/p>\n<p>\u00abUn plan de recuperaci\u00f3n con el generoso apoyo de los pa\u00edses ricos para impulsar las econom\u00edas y ayudar a las personas afectadas a recuperar su vida\u00bb, solicit\u00f3 Oxfam en su comunicado, distribuido desde Senegal. <\/p>\n<p>La directora ejecutiva de Oxfam Internacional, Winnie Byanyima, ha puesto de manifiesto en el informe \u00abla necesidad\u00bb de la gente afectada para lograr \u00abdinero y trabajo\u00bb, adem\u00e1s de acceso a los \u00abservicios b\u00e1sicos sociales de calidad\u00bb. <\/p>\n<p>La tasa de pobreza en estos tres pa\u00edses era ya elevada antes de que se produjese el brote de la epidemia, con \u00edndices del 56 % en Sierra Leona, del 64 % en Liberia y del 40 % en Guinea. <\/p>\n<p>Sin embargo, antes de esta crisis, Liberia y Sierra Leona eran dos de las econom\u00edas africanas con un mayor crecimiento, con tasas por encima del 5 % en el caso de Liberia, y de un 11,3 % previsto en el de Sierra Leona. <\/p>\n<p>\u00a0 <\/p>\n","protected":false},"excerpt":{"rendered":"<p>La organizaci\u00f3n no gubernamental Oxfam hizo\u00a0 un llamamiento para que <a href=\"https:\/\/sertv.gob.pa\/nacionalfm\/solicitan-plan-marshall-de-ayuda-a-paises-afectados-por-ebola\/\"> [&#8230;]<\/a><\/p>\n","protected":false},"author":1,"featured_media":3682,"comment_status":"closed","ping_status":"closed","sticky":false,"template":"","format":"standard","meta":{"footnotes":""},"categories":[5],"tags":[],"class_list":["post-3681","post","type-post","status-publish","format-standard","has-post-thumbnail","hentry","category-salud"],"_links":{"self":[{"href":"https:\/\/sertv.gob.pa\/nacionalfm\/wp-json\/wp\/v2\/posts\/3681","targetHints":{"allow":["GET"]}}],"collection":[{"href":"https:\/\/sertv.gob.pa\/nacionalfm\/wp-json\/wp\/v2\/posts"}],"about":[{"href":"https:\/\/sertv.gob.pa\/nacionalfm\/wp-json\/wp\/v2\/types\/post"}],"author":[{"embeddable":true,"href":"https:\/\/sertv.gob.pa\/nacionalfm\/wp-json\/wp\/v2\/users\/1"}],"replies":[{"embeddable":true,"href":"https:\/\/sertv.gob.pa\/nacionalfm\/wp-json\/wp\/v2\/comments?post=3681"}],"version-history":[{"count":0,"href":"https:\/\/sertv.gob.pa\/nacionalfm\/wp-json\/wp\/v2\/posts\/3681\/revisions"}],"wp:featuredmedia":[{"embeddable":true,"href":"https:\/\/sertv.gob.pa\/nacionalfm\/wp-json\/wp\/v2\/media\/3682"}],"wp:attachment":[{"href":"https:\/\/sertv.gob.pa\/nacionalfm\/wp-json\/wp\/v2\/media?parent=3681"}],"wp:term":[{"taxonomy":"category","embeddable":true,"href":"https:\/\/sertv.gob.pa\/nacionalfm\/wp-json\/wp\/v2\/categories?post=3681"},{"taxonomy":"post_tag","embeddable":true,"href":"https:\/\/sertv.gob.pa\/nacionalfm\/wp-json\/wp\/v2\/tags?post=3681"}],"curies":[{"name":"wp","href":"https:\/\/api.w.org\/{rel}","templated":true}]}}