{"id":3719,"date":"2015-01-28T05:00:00","date_gmt":"2015-01-28T05:00:00","guid":{"rendered":""},"modified":"2015-01-28T05:00:00","modified_gmt":"2015-01-28T05:00:00","slug":"donacion-de-vacunas","status":"publish","type":"post","link":"https:\/\/sertv.gob.pa\/nacionalfm\/donacion-de-vacunas\/","title":{"rendered":"Donaci\u00f3n de vacunas"},"content":{"rendered":"<p>\nLa conferencia de donantes de Berl\u00edn logr\u00f3 hoy compromisos por valor de 6 mil 670 millones de euros (7 mil 539 millones de d\u00f3lares) para las actividades de Alianza Mundial para la Inmunizaci\u00f3n y la Vacunaci\u00f3n (GAVI) entre 2016 y 2020. <\/p>\n<p>La organizaci\u00f3n dio a conocer que super\u00f3 su meta de alcanzar compromisos por valor de 7 mil 500 millones de d\u00f3lares para proporcionar las vacunas b\u00e1sicas a 300 millones de ni\u00f1os y as\u00ed contribuir a disminuir la mortalidad infantil. <\/p>\n<p>El ministro alem\u00e1n de Sanidad, Gerhard M\u00fcller, record\u00f3 en su intervenci\u00f3n en la conferencia que anualmente fallecen 6.3 millones de ni\u00f1os en pa\u00edses pobres y que la mitad de ellos podr\u00eda salvarse con medidas relativamente sencillas, como campa\u00f1as de vacunaci\u00f3n o mejoras en el suministro de agua potable. <\/p>\n<p>El millonario Bill Gates resalt\u00f3 los logros alcanzados con la campa\u00f1a mundial de vacunaci\u00f3n, e invit\u00f3 a continuar con los esfuerzos durante los pr\u00f3ximos cinco a\u00f1os. <\/p>\n<p>Asimismo se contempla el fortalecimiento de los sistemas de salud en los pa\u00edses especialmente amenazados y la creaci\u00f3n de est\u00edmulos para el desarrollo de vacunas. <\/p>\n<p>\u00a0 <\/p>\n","protected":false},"excerpt":{"rendered":"<p>La conferencia de donantes de Berl\u00edn logr\u00f3 hoy compromisos por <a href=\"https:\/\/sertv.gob.pa\/nacionalfm\/donacion-de-vacunas\/\"> [&#8230;]<\/a><\/p>\n","protected":false},"author":1,"featured_media":3720,"comment_status":"closed","ping_status":"closed","sticky":false,"template":"","format":"standard","meta":{"footnotes":""},"categories":[5],"tags":[],"class_list":["post-3719","post","type-post","status-publish","format-standard","has-post-thumbnail","hentry","category-salud"],"_links":{"self":[{"href":"https:\/\/sertv.gob.pa\/nacionalfm\/wp-json\/wp\/v2\/posts\/3719","targetHints":{"allow":["GET"]}}],"collection":[{"href":"https:\/\/sertv.gob.pa\/nacionalfm\/wp-json\/wp\/v2\/posts"}],"about":[{"href":"https:\/\/sertv.gob.pa\/nacionalfm\/wp-json\/wp\/v2\/types\/post"}],"author":[{"embeddable":true,"href":"https:\/\/sertv.gob.pa\/nacionalfm\/wp-json\/wp\/v2\/users\/1"}],"replies":[{"embeddable":true,"href":"https:\/\/sertv.gob.pa\/nacionalfm\/wp-json\/wp\/v2\/comments?post=3719"}],"version-history":[{"count":0,"href":"https:\/\/sertv.gob.pa\/nacionalfm\/wp-json\/wp\/v2\/posts\/3719\/revisions"}],"wp:featuredmedia":[{"embeddable":true,"href":"https:\/\/sertv.gob.pa\/nacionalfm\/wp-json\/wp\/v2\/media\/3720"}],"wp:attachment":[{"href":"https:\/\/sertv.gob.pa\/nacionalfm\/wp-json\/wp\/v2\/media?parent=3719"}],"wp:term":[{"taxonomy":"category","embeddable":true,"href":"https:\/\/sertv.gob.pa\/nacionalfm\/wp-json\/wp\/v2\/categories?post=3719"},{"taxonomy":"post_tag","embeddable":true,"href":"https:\/\/sertv.gob.pa\/nacionalfm\/wp-json\/wp\/v2\/tags?post=3719"}],"curies":[{"name":"wp","href":"https:\/\/api.w.org\/{rel}","templated":true}]}}