{"id":373,"date":"2014-07-18T05:00:00","date_gmt":"2014-07-18T05:00:00","guid":{"rendered":""},"modified":"2014-07-18T05:00:00","modified_gmt":"2014-07-18T05:00:00","slug":"chikungunya-en-america","status":"publish","type":"post","link":"https:\/\/sertv.gob.pa\/nacionalfm\/chikungunya-en-america\/","title":{"rendered":"Chikungunya en Am\u00e9rica"},"content":{"rendered":"<p>Ya no solo M\u00e9xico, El Salvador, Costa Rica, Venezuela o Rep\u00fablica Dominicana podr\u00edan importar el virus a Panam\u00e1, pues \u00a0las autoridades de salud de Estados Unidos confirmaron que esta enfermedad ya est\u00e1 en Norteam\u00e9rica, con 81 casos confirmados en La Florida. <\/p>\n<p>La jefa de epidemiolog\u00eda del Ministerio de Salud (MINSA), Lourdes Garc\u00eda, expres\u00f3 que se mantienen haciendo operativos de fumigaci\u00f3n y nebulizaci\u00f3n en los sectores donde residen las personas que se enfermaron con el virus. Dos meses han transcurrido desde que en Panam\u00e1 se detect\u00f3 el virus del chikungunya. <\/p>\n<p>Seg\u00fan la Organizaci\u00f3n Panamericana de la Salud, en Am\u00e9rica han ocurrido 21 muertes por este virus.\u00a0 @nacionalFm<br \/>\n\u00a0<br \/>\n\u00a0<\/p>\n","protected":false},"excerpt":{"rendered":"<p>Ya no solo M\u00e9xico, El Salvador, Costa Rica, Venezuela o <a href=\"https:\/\/sertv.gob.pa\/nacionalfm\/chikungunya-en-america\/\"> [&#8230;]<\/a><\/p>\n","protected":false},"author":1,"featured_media":374,"comment_status":"closed","ping_status":"closed","sticky":false,"template":"","format":"standard","meta":{"footnotes":""},"categories":[5],"tags":[],"class_list":["post-373","post","type-post","status-publish","format-standard","has-post-thumbnail","hentry","category-salud"],"_links":{"self":[{"href":"https:\/\/sertv.gob.pa\/nacionalfm\/wp-json\/wp\/v2\/posts\/373","targetHints":{"allow":["GET"]}}],"collection":[{"href":"https:\/\/sertv.gob.pa\/nacionalfm\/wp-json\/wp\/v2\/posts"}],"about":[{"href":"https:\/\/sertv.gob.pa\/nacionalfm\/wp-json\/wp\/v2\/types\/post"}],"author":[{"embeddable":true,"href":"https:\/\/sertv.gob.pa\/nacionalfm\/wp-json\/wp\/v2\/users\/1"}],"replies":[{"embeddable":true,"href":"https:\/\/sertv.gob.pa\/nacionalfm\/wp-json\/wp\/v2\/comments?post=373"}],"version-history":[{"count":0,"href":"https:\/\/sertv.gob.pa\/nacionalfm\/wp-json\/wp\/v2\/posts\/373\/revisions"}],"wp:featuredmedia":[{"embeddable":true,"href":"https:\/\/sertv.gob.pa\/nacionalfm\/wp-json\/wp\/v2\/media\/374"}],"wp:attachment":[{"href":"https:\/\/sertv.gob.pa\/nacionalfm\/wp-json\/wp\/v2\/media?parent=373"}],"wp:term":[{"taxonomy":"category","embeddable":true,"href":"https:\/\/sertv.gob.pa\/nacionalfm\/wp-json\/wp\/v2\/categories?post=373"},{"taxonomy":"post_tag","embeddable":true,"href":"https:\/\/sertv.gob.pa\/nacionalfm\/wp-json\/wp\/v2\/tags?post=373"}],"curies":[{"name":"wp","href":"https:\/\/api.w.org\/{rel}","templated":true}]}}