{"id":3735,"date":"2015-01-29T05:00:00","date_gmt":"2015-01-29T05:00:00","guid":{"rendered":""},"modified":"2015-01-29T05:00:00","modified_gmt":"2015-01-29T05:00:00","slug":"primer-caso-de-hantavirus-en-los-santos-es-confirmado","status":"publish","type":"post","link":"https:\/\/sertv.gob.pa\/nacionalfm\/primer-caso-de-hantavirus-en-los-santos-es-confirmado\/","title":{"rendered":"Primer caso de Hantavirus en Los Santos es confirmado"},"content":{"rendered":"<p>\nLas autoridades del Ministerio de Salud en Los Santos confirmaron el primer caso de Hantavirus en lo que va del 2015 en esa provincia. Se trata de una mujer de 83 a\u00f1os, quien es oriunda de El Sesteadero de Las Tablas. <\/p>\n<p>Nahir Cede\u00f1o, directora regional de Salud, \u00a0dio a conocer \u00a0que esta paciente ingres\u00f3 al hospital Joaqu\u00edn Pablo Franco de Las Tablas, pero fue trasladada al Rafael Est\u00e9vez de Aguadulce, ya que en el nosocomio table\u00f1o no cuentan en este momento con un ventilador en Cuidados Intensivos. <\/p>\n<p>Cede\u00f1o agreg\u00f3 que la paciente se halla estable y ya se le quitaron los aparatos respiratorios.<br \/>\n\u00a0 <\/p>\n","protected":false},"excerpt":{"rendered":"<p>Las autoridades del Ministerio de Salud en Los Santos confirmaron <a href=\"https:\/\/sertv.gob.pa\/nacionalfm\/primer-caso-de-hantavirus-en-los-santos-es-confirmado\/\"> [&#8230;]<\/a><\/p>\n","protected":false},"author":1,"featured_media":3736,"comment_status":"closed","ping_status":"closed","sticky":false,"template":"","format":"standard","meta":{"footnotes":""},"categories":[5],"tags":[],"class_list":["post-3735","post","type-post","status-publish","format-standard","has-post-thumbnail","hentry","category-salud"],"_links":{"self":[{"href":"https:\/\/sertv.gob.pa\/nacionalfm\/wp-json\/wp\/v2\/posts\/3735","targetHints":{"allow":["GET"]}}],"collection":[{"href":"https:\/\/sertv.gob.pa\/nacionalfm\/wp-json\/wp\/v2\/posts"}],"about":[{"href":"https:\/\/sertv.gob.pa\/nacionalfm\/wp-json\/wp\/v2\/types\/post"}],"author":[{"embeddable":true,"href":"https:\/\/sertv.gob.pa\/nacionalfm\/wp-json\/wp\/v2\/users\/1"}],"replies":[{"embeddable":true,"href":"https:\/\/sertv.gob.pa\/nacionalfm\/wp-json\/wp\/v2\/comments?post=3735"}],"version-history":[{"count":0,"href":"https:\/\/sertv.gob.pa\/nacionalfm\/wp-json\/wp\/v2\/posts\/3735\/revisions"}],"wp:featuredmedia":[{"embeddable":true,"href":"https:\/\/sertv.gob.pa\/nacionalfm\/wp-json\/wp\/v2\/media\/3736"}],"wp:attachment":[{"href":"https:\/\/sertv.gob.pa\/nacionalfm\/wp-json\/wp\/v2\/media?parent=3735"}],"wp:term":[{"taxonomy":"category","embeddable":true,"href":"https:\/\/sertv.gob.pa\/nacionalfm\/wp-json\/wp\/v2\/categories?post=3735"},{"taxonomy":"post_tag","embeddable":true,"href":"https:\/\/sertv.gob.pa\/nacionalfm\/wp-json\/wp\/v2\/tags?post=3735"}],"curies":[{"name":"wp","href":"https:\/\/api.w.org\/{rel}","templated":true}]}}