{"id":3737,"date":"2015-01-29T05:00:00","date_gmt":"2015-01-29T05:00:00","guid":{"rendered":""},"modified":"2015-01-29T05:00:00","modified_gmt":"2015-01-29T05:00:00","slug":"menos-casos-de-ebola-por-semana","status":"publish","type":"post","link":"https:\/\/sertv.gob.pa\/nacionalfm\/menos-casos-de-ebola-por-semana\/","title":{"rendered":"Menos casos de \u00e9bola por semana"},"content":{"rendered":"<p>\nSeg\u00fan la \u00faltima evaluaci\u00f3n de la Organizaci\u00f3n Mundial de la Salud (OMS), por primera vez desde finales de junio, ha habido menos de 100 casos confirmados de \u00e9bola en una semana en los tres pa\u00edses m\u00e1s afectados, Guinea Conakri, Liberia y Sierra Leona. <\/p>\n<p>La incidencia de casos sigue descendiendo en Liberia, \u00a0Sierra Leona, y Guinea. Conakri \u00fanicamente registr\u00f3 30 casos confirmados en la semana del 25 de enero, un aumento de 10 con respecto a los 20 de la semana anterior. <\/p>\n<p>A pesar de los descensos, uno de los aspectos m\u00e1s preocupantes actualmente es el hecho de que, de media, s\u00f3lo se conozca el 50 % de las cadenas de transmisi\u00f3n de los nuevos casos. <\/p>\n<p>\u00a0 <\/p>\n<p>\u00a0 <\/p>\n","protected":false},"excerpt":{"rendered":"<p>Seg\u00fan la \u00faltima evaluaci\u00f3n de la Organizaci\u00f3n Mundial de la <a href=\"https:\/\/sertv.gob.pa\/nacionalfm\/menos-casos-de-ebola-por-semana\/\"> [&#8230;]<\/a><\/p>\n","protected":false},"author":1,"featured_media":3738,"comment_status":"closed","ping_status":"closed","sticky":false,"template":"","format":"standard","meta":{"footnotes":""},"categories":[5],"tags":[],"class_list":["post-3737","post","type-post","status-publish","format-standard","has-post-thumbnail","hentry","category-salud"],"_links":{"self":[{"href":"https:\/\/sertv.gob.pa\/nacionalfm\/wp-json\/wp\/v2\/posts\/3737","targetHints":{"allow":["GET"]}}],"collection":[{"href":"https:\/\/sertv.gob.pa\/nacionalfm\/wp-json\/wp\/v2\/posts"}],"about":[{"href":"https:\/\/sertv.gob.pa\/nacionalfm\/wp-json\/wp\/v2\/types\/post"}],"author":[{"embeddable":true,"href":"https:\/\/sertv.gob.pa\/nacionalfm\/wp-json\/wp\/v2\/users\/1"}],"replies":[{"embeddable":true,"href":"https:\/\/sertv.gob.pa\/nacionalfm\/wp-json\/wp\/v2\/comments?post=3737"}],"version-history":[{"count":0,"href":"https:\/\/sertv.gob.pa\/nacionalfm\/wp-json\/wp\/v2\/posts\/3737\/revisions"}],"wp:featuredmedia":[{"embeddable":true,"href":"https:\/\/sertv.gob.pa\/nacionalfm\/wp-json\/wp\/v2\/media\/3738"}],"wp:attachment":[{"href":"https:\/\/sertv.gob.pa\/nacionalfm\/wp-json\/wp\/v2\/media?parent=3737"}],"wp:term":[{"taxonomy":"category","embeddable":true,"href":"https:\/\/sertv.gob.pa\/nacionalfm\/wp-json\/wp\/v2\/categories?post=3737"},{"taxonomy":"post_tag","embeddable":true,"href":"https:\/\/sertv.gob.pa\/nacionalfm\/wp-json\/wp\/v2\/tags?post=3737"}],"curies":[{"name":"wp","href":"https:\/\/api.w.org\/{rel}","templated":true}]}}