{"id":3739,"date":"2015-01-29T05:00:00","date_gmt":"2015-01-29T05:00:00","guid":{"rendered":""},"modified":"2015-01-29T05:00:00","modified_gmt":"2015-01-29T05:00:00","slug":"crearan-farmacos-que-podrian-curar-enfermedades-geneticas","status":"publish","type":"post","link":"https:\/\/sertv.gob.pa\/nacionalfm\/crearan-farmacos-que-podrian-curar-enfermedades-geneticas\/","title":{"rendered":"Crear\u00e1n f\u00e1rmacos que podr\u00edan curar enfermedades gen\u00e9ticas"},"content":{"rendered":"<p>\nAstra Zeneca, una de las mayores compa\u00f1\u00edas farmac\u00e9uticas, anunci\u00f3 un programa para desarrollar una nueva generaci\u00f3n de medicamentos que podr\u00eda curar enfermedades gen\u00e9ticas. <\/p>\n<p>El plan ser\u00e1 el primero a gran escala que aplicar\u00e1 una nueva t\u00e9cnica revolucionaria para editar la informaci\u00f3n contenida en los genes. <\/p>\n<p>La t\u00e9cnica ha sido comparada con la posibilidad de editar letras individuales en una p\u00e1gina determinada de una enciclopedia sin crear ning\u00fan error de ortograf\u00eda. <\/p>\n<p>La t\u00e9cnica, llamada CRISPR, permite alterar en forma precisa cualquier posici\u00f3n espec\u00edfica en el ADN de los 23 pares de cromosomas humanos sin introducir mutaciones no deseadas o fallas. <\/p>\n<p>Esta t\u00e9cnica podr\u00eda revolucionar el tratamiento de una gran cantidad de enfermedades, desde c\u00e1ncer hasta diabetes y s\u00edndrome de Down. <\/p>\n","protected":false},"excerpt":{"rendered":"<p>Astra Zeneca, una de las mayores compa\u00f1\u00edas farmac\u00e9uticas, anunci\u00f3 un <a href=\"https:\/\/sertv.gob.pa\/nacionalfm\/crearan-farmacos-que-podrian-curar-enfermedades-geneticas\/\"> [&#8230;]<\/a><\/p>\n","protected":false},"author":1,"featured_media":3740,"comment_status":"closed","ping_status":"closed","sticky":false,"template":"","format":"standard","meta":{"footnotes":""},"categories":[5],"tags":[],"class_list":["post-3739","post","type-post","status-publish","format-standard","has-post-thumbnail","hentry","category-salud"],"_links":{"self":[{"href":"https:\/\/sertv.gob.pa\/nacionalfm\/wp-json\/wp\/v2\/posts\/3739","targetHints":{"allow":["GET"]}}],"collection":[{"href":"https:\/\/sertv.gob.pa\/nacionalfm\/wp-json\/wp\/v2\/posts"}],"about":[{"href":"https:\/\/sertv.gob.pa\/nacionalfm\/wp-json\/wp\/v2\/types\/post"}],"author":[{"embeddable":true,"href":"https:\/\/sertv.gob.pa\/nacionalfm\/wp-json\/wp\/v2\/users\/1"}],"replies":[{"embeddable":true,"href":"https:\/\/sertv.gob.pa\/nacionalfm\/wp-json\/wp\/v2\/comments?post=3739"}],"version-history":[{"count":0,"href":"https:\/\/sertv.gob.pa\/nacionalfm\/wp-json\/wp\/v2\/posts\/3739\/revisions"}],"wp:featuredmedia":[{"embeddable":true,"href":"https:\/\/sertv.gob.pa\/nacionalfm\/wp-json\/wp\/v2\/media\/3740"}],"wp:attachment":[{"href":"https:\/\/sertv.gob.pa\/nacionalfm\/wp-json\/wp\/v2\/media?parent=3739"}],"wp:term":[{"taxonomy":"category","embeddable":true,"href":"https:\/\/sertv.gob.pa\/nacionalfm\/wp-json\/wp\/v2\/categories?post=3739"},{"taxonomy":"post_tag","embeddable":true,"href":"https:\/\/sertv.gob.pa\/nacionalfm\/wp-json\/wp\/v2\/tags?post=3739"}],"curies":[{"name":"wp","href":"https:\/\/api.w.org\/{rel}","templated":true}]}}