{"id":375,"date":"2014-07-18T05:00:00","date_gmt":"2014-07-18T05:00:00","guid":{"rendered":""},"modified":"2014-07-18T05:00:00","modified_gmt":"2014-07-18T05:00:00","slug":"lentes-de-contacto-inteligentes-para-diabeticos","status":"publish","type":"post","link":"https:\/\/sertv.gob.pa\/nacionalfm\/lentes-de-contacto-inteligentes-para-diabeticos\/","title":{"rendered":"Lentes de contacto inteligentes  para diab\u00e9ticos"},"content":{"rendered":"<p>Los pacientes con presbicia o diabetes son la pr\u00f3xima prioridad de la industria tecnol\u00f3gica, luego de \u00a0que el gigante californiano Google cerrara su acuerdo con el grupo farmac\u00e9utico suizo, Novartis, para trabajar en lentes de contacto inteligentes. <\/p>\n<p>Seg\u00fan han comentado las compa\u00f1\u00edas, los nuevos lentes de contacto podr\u00edan ayudar a los pacientes diab\u00e9ticos a controlar su enfermedad, lo que les permitir\u00eda medir continuamente sus niveles de glucosa a trav\u00e9s del lente, creado para medir el nivel de fluido lagrimal en el ojo y conectarlo a un aparato m\u00e9dico con una conexi\u00f3n inal\u00e1mbrica. <\/p>\n<p>Mientras, la segunda utilizaci\u00f3n ser\u00eda para las personas que padecen de presbicia, y que por ello no pueden leer sin sus lentes al estar muy cerca del texto. Esta condici\u00f3n aparece mayormente a partir de los 40 a\u00f1os de edad. @nacionalFm<br \/>\n\u00a0<br \/>\n\u00a0<br \/>\n\u00a0<\/p>\n","protected":false},"excerpt":{"rendered":"<p>Los pacientes con presbicia o diabetes son la pr\u00f3xima prioridad <a href=\"https:\/\/sertv.gob.pa\/nacionalfm\/lentes-de-contacto-inteligentes-para-diabeticos\/\"> [&#8230;]<\/a><\/p>\n","protected":false},"author":1,"featured_media":376,"comment_status":"closed","ping_status":"closed","sticky":false,"template":"","format":"standard","meta":{"footnotes":""},"categories":[5],"tags":[],"class_list":["post-375","post","type-post","status-publish","format-standard","has-post-thumbnail","hentry","category-salud"],"_links":{"self":[{"href":"https:\/\/sertv.gob.pa\/nacionalfm\/wp-json\/wp\/v2\/posts\/375","targetHints":{"allow":["GET"]}}],"collection":[{"href":"https:\/\/sertv.gob.pa\/nacionalfm\/wp-json\/wp\/v2\/posts"}],"about":[{"href":"https:\/\/sertv.gob.pa\/nacionalfm\/wp-json\/wp\/v2\/types\/post"}],"author":[{"embeddable":true,"href":"https:\/\/sertv.gob.pa\/nacionalfm\/wp-json\/wp\/v2\/users\/1"}],"replies":[{"embeddable":true,"href":"https:\/\/sertv.gob.pa\/nacionalfm\/wp-json\/wp\/v2\/comments?post=375"}],"version-history":[{"count":0,"href":"https:\/\/sertv.gob.pa\/nacionalfm\/wp-json\/wp\/v2\/posts\/375\/revisions"}],"wp:featuredmedia":[{"embeddable":true,"href":"https:\/\/sertv.gob.pa\/nacionalfm\/wp-json\/wp\/v2\/media\/376"}],"wp:attachment":[{"href":"https:\/\/sertv.gob.pa\/nacionalfm\/wp-json\/wp\/v2\/media?parent=375"}],"wp:term":[{"taxonomy":"category","embeddable":true,"href":"https:\/\/sertv.gob.pa\/nacionalfm\/wp-json\/wp\/v2\/categories?post=375"},{"taxonomy":"post_tag","embeddable":true,"href":"https:\/\/sertv.gob.pa\/nacionalfm\/wp-json\/wp\/v2\/tags?post=375"}],"curies":[{"name":"wp","href":"https:\/\/api.w.org\/{rel}","templated":true}]}}