{"id":3753,"date":"2015-01-31T05:00:00","date_gmt":"2015-01-31T05:00:00","guid":{"rendered":""},"modified":"2015-01-31T05:00:00","modified_gmt":"2015-01-31T05:00:00","slug":"segun-cientificos-franceses-virus-del-ebola-ha-mutado","status":"publish","type":"post","link":"https:\/\/sertv.gob.pa\/nacionalfm\/segun-cientificos-franceses-virus-del-ebola-ha-mutado\/","title":{"rendered":"Seg\u00fan cient\u00edficos franceses, virus del \u00e9bola ha mutado"},"content":{"rendered":"<p>\nEl virus del \u00e9bola ha mutado desde que se identificaron los primeros casos en marzo del a\u00f1o pasado, seg\u00fan afirman cient\u00edficos en Francia. <\/p>\n<p>Los investigadores del Instituto Pasteur, el primero en alertar sobre la epidemia, analizaron cientos de muestras de sangre e intentan determinar si la mutaci\u00f3n ha tornado al virus m\u00e1s contagioso. <\/p>\n<p>Los cient\u00edficos asimismo esperan constatar si dicha mutaci\u00f3n afecta el diagn\u00f3stico y la respuesta del virus a los medicamentos. <\/p>\n<p>M\u00e1s de 22.000 personas resultaron infectadas en la actual epidemia y se registraron m\u00e1s de 8.700 muertes en Guinea, Sierra Leona y Liberia. <\/p>\n<p>\u00abSabemos que el virus est\u00e1 cambiando considerablemente\u00bb, indic\u00f3 el genetista Anavaj Sakuntabhai. <\/p>\n<p>\u00abUn virus puede mutar y ser menos mortal pero m\u00e1s contagioso. Eso es lo que tememos. Tenemos que saber c\u00f3mo est\u00e1 cambiando el virus para no perder la pista de nuestro enemigo\u00bb, agreg\u00f3. <\/p>\n<p>\u00abEstamos viendo varios casos asintom\u00e1ticos, o sea, de personas que tienen el virus pero no presentan s\u00edntomas. Estas personas podr\u00edan sin embargo transmitir el virus, aunque a\u00fan no sabemos si esto es as\u00ed\u00bb. <\/p>\n","protected":false},"excerpt":{"rendered":"<p>El virus del \u00e9bola ha mutado desde que se identificaron <a href=\"https:\/\/sertv.gob.pa\/nacionalfm\/segun-cientificos-franceses-virus-del-ebola-ha-mutado\/\"> [&#8230;]<\/a><\/p>\n","protected":false},"author":1,"featured_media":3754,"comment_status":"closed","ping_status":"closed","sticky":false,"template":"","format":"standard","meta":{"footnotes":""},"categories":[5],"tags":[],"class_list":["post-3753","post","type-post","status-publish","format-standard","has-post-thumbnail","hentry","category-salud"],"_links":{"self":[{"href":"https:\/\/sertv.gob.pa\/nacionalfm\/wp-json\/wp\/v2\/posts\/3753","targetHints":{"allow":["GET"]}}],"collection":[{"href":"https:\/\/sertv.gob.pa\/nacionalfm\/wp-json\/wp\/v2\/posts"}],"about":[{"href":"https:\/\/sertv.gob.pa\/nacionalfm\/wp-json\/wp\/v2\/types\/post"}],"author":[{"embeddable":true,"href":"https:\/\/sertv.gob.pa\/nacionalfm\/wp-json\/wp\/v2\/users\/1"}],"replies":[{"embeddable":true,"href":"https:\/\/sertv.gob.pa\/nacionalfm\/wp-json\/wp\/v2\/comments?post=3753"}],"version-history":[{"count":0,"href":"https:\/\/sertv.gob.pa\/nacionalfm\/wp-json\/wp\/v2\/posts\/3753\/revisions"}],"wp:featuredmedia":[{"embeddable":true,"href":"https:\/\/sertv.gob.pa\/nacionalfm\/wp-json\/wp\/v2\/media\/3754"}],"wp:attachment":[{"href":"https:\/\/sertv.gob.pa\/nacionalfm\/wp-json\/wp\/v2\/media?parent=3753"}],"wp:term":[{"taxonomy":"category","embeddable":true,"href":"https:\/\/sertv.gob.pa\/nacionalfm\/wp-json\/wp\/v2\/categories?post=3753"},{"taxonomy":"post_tag","embeddable":true,"href":"https:\/\/sertv.gob.pa\/nacionalfm\/wp-json\/wp\/v2\/tags?post=3753"}],"curies":[{"name":"wp","href":"https:\/\/api.w.org\/{rel}","templated":true}]}}