{"id":3773,"date":"2015-02-01T05:00:00","date_gmt":"2015-02-01T05:00:00","guid":{"rendered":""},"modified":"2015-02-01T05:00:00","modified_gmt":"2015-02-01T05:00:00","slug":"proyecto-de-medicina-es-presentando-por-barack-obama","status":"publish","type":"post","link":"https:\/\/sertv.gob.pa\/nacionalfm\/proyecto-de-medicina-es-presentando-por-barack-obama\/","title":{"rendered":"Proyecto de medicina es presentando por Barack Obama"},"content":{"rendered":"<p>\nEl presidente de Estados Unidos, Barack Obama, present\u00f3 \u00a0un plan para recolectar y analizar informaci\u00f3n gen\u00e9tica de un mill\u00f3n de voluntarios estadounidenses. <\/p>\n<p>El objetivo del proyecto es desarrollar f\u00e1rmacos que puedan atender de mejor manera las necesidades de pacientes individuales. <\/p>\n<p>Obama expres\u00f3 que la iniciativa sentar\u00eda las bases de una nueva era de descubrimientos capaces de salvar vidas. <\/p>\n<p>Sugiri\u00f3 que US$215 millones del presupuesto 2016 se destinen al proyecto, que inicialmente se enfocar\u00e1 en desarrollar mejores tratamientos contra el c\u00e1ncer. <\/p>\n<p>\u00a0 <\/p>\n","protected":false},"excerpt":{"rendered":"<p>El presidente de Estados Unidos, Barack Obama, present\u00f3 \u00a0un plan <a href=\"https:\/\/sertv.gob.pa\/nacionalfm\/proyecto-de-medicina-es-presentando-por-barack-obama\/\"> [&#8230;]<\/a><\/p>\n","protected":false},"author":1,"featured_media":3774,"comment_status":"closed","ping_status":"closed","sticky":false,"template":"","format":"standard","meta":{"footnotes":""},"categories":[5],"tags":[],"class_list":["post-3773","post","type-post","status-publish","format-standard","has-post-thumbnail","hentry","category-salud"],"_links":{"self":[{"href":"https:\/\/sertv.gob.pa\/nacionalfm\/wp-json\/wp\/v2\/posts\/3773","targetHints":{"allow":["GET"]}}],"collection":[{"href":"https:\/\/sertv.gob.pa\/nacionalfm\/wp-json\/wp\/v2\/posts"}],"about":[{"href":"https:\/\/sertv.gob.pa\/nacionalfm\/wp-json\/wp\/v2\/types\/post"}],"author":[{"embeddable":true,"href":"https:\/\/sertv.gob.pa\/nacionalfm\/wp-json\/wp\/v2\/users\/1"}],"replies":[{"embeddable":true,"href":"https:\/\/sertv.gob.pa\/nacionalfm\/wp-json\/wp\/v2\/comments?post=3773"}],"version-history":[{"count":0,"href":"https:\/\/sertv.gob.pa\/nacionalfm\/wp-json\/wp\/v2\/posts\/3773\/revisions"}],"wp:featuredmedia":[{"embeddable":true,"href":"https:\/\/sertv.gob.pa\/nacionalfm\/wp-json\/wp\/v2\/media\/3774"}],"wp:attachment":[{"href":"https:\/\/sertv.gob.pa\/nacionalfm\/wp-json\/wp\/v2\/media?parent=3773"}],"wp:term":[{"taxonomy":"category","embeddable":true,"href":"https:\/\/sertv.gob.pa\/nacionalfm\/wp-json\/wp\/v2\/categories?post=3773"},{"taxonomy":"post_tag","embeddable":true,"href":"https:\/\/sertv.gob.pa\/nacionalfm\/wp-json\/wp\/v2\/tags?post=3773"}],"curies":[{"name":"wp","href":"https:\/\/api.w.org\/{rel}","templated":true}]}}