{"id":3781,"date":"2015-02-02T05:00:00","date_gmt":"2015-02-02T05:00:00","guid":{"rendered":""},"modified":"2015-02-02T05:00:00","modified_gmt":"2015-02-02T05:00:00","slug":"fallece-carl-djerassi-padre-de-la-pildora-anticonceptiva","status":"publish","type":"post","link":"https:\/\/sertv.gob.pa\/nacionalfm\/fallece-carl-djerassi-padre-de-la-pildora-anticonceptiva\/","title":{"rendered":"Fallece Carl Djerassi,  padre de la p\u00edldora anticonceptiva"},"content":{"rendered":"<p>\nCarl Djerassi, famoso por liderar junto al qu\u00edmico mexicano Luis Ernesto Miramontes un equipo de investigadores en la Ciudad de M\u00e9xico que en 1951 desarroll\u00f3 la noretindrona, una mol\u00e9cula sint\u00e9tica que se convirti\u00f3 en un componente clave de la primera p\u00edldora anticonceptiva, \u00a0falleci\u00f3 a los 91 a\u00f1os. <\/p>\n<p>Djerassi, profesor em\u00e9rito de Qu\u00edmica en Stanford, muri\u00f3 de complicaciones de c\u00e1ncer en su hogar en San Francisco, inform\u00f3 el vocero de la universidad, Dan Stober. <\/p>\n<p>\u00abLa p\u00edldora\u00bb, como lleg\u00f3 a conocerse, transform\u00f3 radicalmente las pr\u00e1cticas sexuales y las vidas de las mujeres.\u00a0 <\/p>\n<p>\u00abCarl Djerassi es probablemente el m\u00e1ximo qu\u00edmico que nuestro departamento haya tenido\u00bb, declar\u00f3 Richard N. Zare, profesor en Ciencias Naturales en Stanford, en un obituario publicado por la universidad. <\/p>\n<p>\u00a0 <\/p>\n<p>\u00a0 <\/p>\n","protected":false},"excerpt":{"rendered":"<p>Carl Djerassi, famoso por liderar junto al qu\u00edmico mexicano Luis <a href=\"https:\/\/sertv.gob.pa\/nacionalfm\/fallece-carl-djerassi-padre-de-la-pildora-anticonceptiva\/\"> [&#8230;]<\/a><\/p>\n","protected":false},"author":1,"featured_media":3782,"comment_status":"closed","ping_status":"closed","sticky":false,"template":"","format":"standard","meta":{"footnotes":""},"categories":[5],"tags":[],"class_list":["post-3781","post","type-post","status-publish","format-standard","has-post-thumbnail","hentry","category-salud"],"_links":{"self":[{"href":"https:\/\/sertv.gob.pa\/nacionalfm\/wp-json\/wp\/v2\/posts\/3781","targetHints":{"allow":["GET"]}}],"collection":[{"href":"https:\/\/sertv.gob.pa\/nacionalfm\/wp-json\/wp\/v2\/posts"}],"about":[{"href":"https:\/\/sertv.gob.pa\/nacionalfm\/wp-json\/wp\/v2\/types\/post"}],"author":[{"embeddable":true,"href":"https:\/\/sertv.gob.pa\/nacionalfm\/wp-json\/wp\/v2\/users\/1"}],"replies":[{"embeddable":true,"href":"https:\/\/sertv.gob.pa\/nacionalfm\/wp-json\/wp\/v2\/comments?post=3781"}],"version-history":[{"count":0,"href":"https:\/\/sertv.gob.pa\/nacionalfm\/wp-json\/wp\/v2\/posts\/3781\/revisions"}],"wp:featuredmedia":[{"embeddable":true,"href":"https:\/\/sertv.gob.pa\/nacionalfm\/wp-json\/wp\/v2\/media\/3782"}],"wp:attachment":[{"href":"https:\/\/sertv.gob.pa\/nacionalfm\/wp-json\/wp\/v2\/media?parent=3781"}],"wp:term":[{"taxonomy":"category","embeddable":true,"href":"https:\/\/sertv.gob.pa\/nacionalfm\/wp-json\/wp\/v2\/categories?post=3781"},{"taxonomy":"post_tag","embeddable":true,"href":"https:\/\/sertv.gob.pa\/nacionalfm\/wp-json\/wp\/v2\/tags?post=3781"}],"curies":[{"name":"wp","href":"https:\/\/api.w.org\/{rel}","templated":true}]}}