{"id":3783,"date":"2015-02-02T05:00:00","date_gmt":"2015-02-02T05:00:00","guid":{"rendered":""},"modified":"2015-02-02T05:00:00","modified_gmt":"2015-02-02T05:00:00","slug":"la-inmunoterapia-sera-un-tratamiento-estandar-contra-el-cancer","status":"publish","type":"post","link":"https:\/\/sertv.gob.pa\/nacionalfm\/la-inmunoterapia-sera-un-tratamiento-estandar-contra-el-cancer\/","title":{"rendered":"La inmunoterapia ser\u00e1 un tratamiento est\u00e1ndar contra el c\u00e1ncer"},"content":{"rendered":"<p>\nLa inmunoterapia tumoral, que permite al sistema inmunitario combatir el c\u00e1ncer, se afianza ya como un tratamiento est\u00e1ndar contra el melanoma, dejando a un lado la quimioterapia, y pronto lo ser\u00e1 para otros tipos de c\u00e1ncer, asegura\u00a0el investigador espa\u00f1ol Antoni Ribas.\u00a0 <\/p>\n<p>\u00abVamos a progresar bastante en poco tiempo\u00bb, asegura este hemat\u00f3logo y onc\u00f3logo en una entrevista telef\u00f3nica con Efe desde Los \u00c1ngeles (EU), donde investiga, hace 19 a\u00f1os, el melanoma, el c\u00e1ncer de piel m\u00e1s agresivo.\u00a0 <\/p>\n<p>\u00abHace dos a\u00f1os la investigaci\u00f3n nos dec\u00eda que hab\u00edamos avanzado lo suficiente para pensar que la inmunoterapia se unir\u00eda a los tratamientos de cirug\u00eda, radioterapia y quimioterapia. Ahora est\u00e1 claro que ya es un tratamiento est\u00e1ndar para el melanoma y, dentro de poco, lo ser\u00e1 para otros c\u00e1nceres\u00bb, afirm\u00f3 Ribas.\u00a0 <\/p>\n<p>El cient\u00edfico destac\u00f3 que la investigaci\u00f3n est\u00e1 m\u00e1s avanzada en c\u00e1ncer de pulm\u00f3n, de vejiga y en linfoma de Hodgkin, \u00abpero las posibilidades de que funcione en otros est\u00e1 ah\u00ed\u00bb.\u00a0 <\/p>\n<p>Desde el Jonsson Comprehensive Cancer Center de la Universidad de California y con motivo del D\u00eda Mundial contra el C\u00e1ncer, el 4 de febrero, el onc\u00f3logo analiza los grandes avances en oncolog\u00eda y en inmunoterapia en particular.\u00a0 <\/p>\n<p>\u00a0 <\/p>\n","protected":false},"excerpt":{"rendered":"<p>La inmunoterapia tumoral, que permite al sistema inmunitario combatir el <a href=\"https:\/\/sertv.gob.pa\/nacionalfm\/la-inmunoterapia-sera-un-tratamiento-estandar-contra-el-cancer\/\"> [&#8230;]<\/a><\/p>\n","protected":false},"author":1,"featured_media":3784,"comment_status":"closed","ping_status":"closed","sticky":false,"template":"","format":"standard","meta":{"footnotes":""},"categories":[5],"tags":[],"class_list":["post-3783","post","type-post","status-publish","format-standard","has-post-thumbnail","hentry","category-salud"],"_links":{"self":[{"href":"https:\/\/sertv.gob.pa\/nacionalfm\/wp-json\/wp\/v2\/posts\/3783","targetHints":{"allow":["GET"]}}],"collection":[{"href":"https:\/\/sertv.gob.pa\/nacionalfm\/wp-json\/wp\/v2\/posts"}],"about":[{"href":"https:\/\/sertv.gob.pa\/nacionalfm\/wp-json\/wp\/v2\/types\/post"}],"author":[{"embeddable":true,"href":"https:\/\/sertv.gob.pa\/nacionalfm\/wp-json\/wp\/v2\/users\/1"}],"replies":[{"embeddable":true,"href":"https:\/\/sertv.gob.pa\/nacionalfm\/wp-json\/wp\/v2\/comments?post=3783"}],"version-history":[{"count":0,"href":"https:\/\/sertv.gob.pa\/nacionalfm\/wp-json\/wp\/v2\/posts\/3783\/revisions"}],"wp:featuredmedia":[{"embeddable":true,"href":"https:\/\/sertv.gob.pa\/nacionalfm\/wp-json\/wp\/v2\/media\/3784"}],"wp:attachment":[{"href":"https:\/\/sertv.gob.pa\/nacionalfm\/wp-json\/wp\/v2\/media?parent=3783"}],"wp:term":[{"taxonomy":"category","embeddable":true,"href":"https:\/\/sertv.gob.pa\/nacionalfm\/wp-json\/wp\/v2\/categories?post=3783"},{"taxonomy":"post_tag","embeddable":true,"href":"https:\/\/sertv.gob.pa\/nacionalfm\/wp-json\/wp\/v2\/tags?post=3783"}],"curies":[{"name":"wp","href":"https:\/\/api.w.org\/{rel}","templated":true}]}}