{"id":3787,"date":"2015-02-02T05:00:00","date_gmt":"2015-02-02T05:00:00","guid":{"rendered":""},"modified":"2015-02-02T05:00:00","modified_gmt":"2015-02-02T05:00:00","slug":"ensayos-de-vacunas-contra-el-ebola-inician-en-liberia","status":"publish","type":"post","link":"https:\/\/sertv.gob.pa\/nacionalfm\/ensayos-de-vacunas-contra-el-ebola-inician-en-liberia\/","title":{"rendered":"Ensayos de vacunas contra el \u00e9bola inician en Liberia"},"content":{"rendered":"<p>\nEste lunes empezar\u00e1 el primer ensayo a gran escala de vacunas contra el \u00e9bola en Liberia. <\/p>\n<p>Las vacunas fueron llevadas a un sitio secreto en el pa\u00eds africano bajo condiciones de estricta seguridad. <\/p>\n<p>Se espera que unos 30.000 voluntarios participen en los ensayos que pondr\u00e1n a prueba las vacunas de las empresas GSK y Merck. <\/p>\n<p>A lo largo del a\u00f1o pasado alrededor de 9.000 personas fallecieron a causa del mayor brote de esta enfermedad. La mayor\u00eda de las v\u00edctimas se concentran en Guinea, Sierra Leona y Liberia. <\/p>\n<p>\u00a0 <\/p>\n","protected":false},"excerpt":{"rendered":"<p>Este lunes empezar\u00e1 el primer ensayo a gran escala de <a href=\"https:\/\/sertv.gob.pa\/nacionalfm\/ensayos-de-vacunas-contra-el-ebola-inician-en-liberia\/\"> [&#8230;]<\/a><\/p>\n","protected":false},"author":1,"featured_media":3788,"comment_status":"closed","ping_status":"closed","sticky":false,"template":"","format":"standard","meta":{"footnotes":""},"categories":[5],"tags":[],"class_list":["post-3787","post","type-post","status-publish","format-standard","has-post-thumbnail","hentry","category-salud"],"_links":{"self":[{"href":"https:\/\/sertv.gob.pa\/nacionalfm\/wp-json\/wp\/v2\/posts\/3787","targetHints":{"allow":["GET"]}}],"collection":[{"href":"https:\/\/sertv.gob.pa\/nacionalfm\/wp-json\/wp\/v2\/posts"}],"about":[{"href":"https:\/\/sertv.gob.pa\/nacionalfm\/wp-json\/wp\/v2\/types\/post"}],"author":[{"embeddable":true,"href":"https:\/\/sertv.gob.pa\/nacionalfm\/wp-json\/wp\/v2\/users\/1"}],"replies":[{"embeddable":true,"href":"https:\/\/sertv.gob.pa\/nacionalfm\/wp-json\/wp\/v2\/comments?post=3787"}],"version-history":[{"count":0,"href":"https:\/\/sertv.gob.pa\/nacionalfm\/wp-json\/wp\/v2\/posts\/3787\/revisions"}],"wp:featuredmedia":[{"embeddable":true,"href":"https:\/\/sertv.gob.pa\/nacionalfm\/wp-json\/wp\/v2\/media\/3788"}],"wp:attachment":[{"href":"https:\/\/sertv.gob.pa\/nacionalfm\/wp-json\/wp\/v2\/media?parent=3787"}],"wp:term":[{"taxonomy":"category","embeddable":true,"href":"https:\/\/sertv.gob.pa\/nacionalfm\/wp-json\/wp\/v2\/categories?post=3787"},{"taxonomy":"post_tag","embeddable":true,"href":"https:\/\/sertv.gob.pa\/nacionalfm\/wp-json\/wp\/v2\/tags?post=3787"}],"curies":[{"name":"wp","href":"https:\/\/api.w.org\/{rel}","templated":true}]}}