{"id":3801,"date":"2015-02-03T05:00:00","date_gmt":"2015-02-03T05:00:00","guid":{"rendered":""},"modified":"2015-02-03T05:00:00","modified_gmt":"2015-02-03T05:00:00","slug":"centro-regional-para-atender-epilepsia-en-santiago-veraguas","status":"publish","type":"post","link":"https:\/\/sertv.gob.pa\/nacionalfm\/centro-regional-para-atender-epilepsia-en-santiago-veraguas\/","title":{"rendered":"Centro regional para atender epilepsia en Santiago, Veraguas"},"content":{"rendered":"<p>\nLa creaci\u00f3n de un centro regional para la atenci\u00f3n de epilepsia, que funcionar\u00e1 en el hospital Luis &ldquo;Chicho&rdquo; F\u00e1brega de la ciudad de Santiago, fue anunciado por un grupo de m\u00e9dicos de la Universidad de Texas, Estados Unidos. <\/p>\n<p>De hecho, los expertos encabezados por el m\u00e9dico paname\u00f1o, Ad\u00e1n R\u00edos, se hallan actualmente en la ciudad de Santiago de Veraguas para adelantar los acuerdos que deben suscribirse con las autoridades del Ministerio de Salud para poner en funcionamiento el centro que atender\u00e1 a pacientes de las provincias de Veraguas, Cocl\u00e9, Los Santos y Herrera. <\/p>\n<p>El doctor Ad\u00e1n R\u00edos, m\u00e9dico paname\u00f1o radicado en Houston y promotor del proyecto, adelant\u00f3 que en este momento, los expertos en atender los casos de epilepsia en la Universidad de Texas est\u00e1n en la continuaci\u00f3n de los trabajos para consolidar la creaci\u00f3n del centro que podr\u00eda empezar operaciones a mediados de este a\u00f1o. <\/p>\n<p>Seg\u00fan el galeno, se conformar\u00e1 un equipo de especialistas locales dirigidos y entrenados por m\u00e9dicos de Estados Unidos con el prop\u00f3sito de practicar ex\u00e1menes a pacientes con esta enfermedad e interpretarlos y hacer los diagn\u00f3sticos con los propios equipos de la Universidad de Texas utilizando tecnolog\u00eda de punta. <\/p>\n<p>&ldquo;La epilepsia es una enfermedad muy com\u00fan en Latinoam\u00e9rica y Panam\u00e1, pero m\u00e1s com\u00fan en Veraguas, en donde no hay acceso al cuidado de este problema&rdquo;, apunt\u00f3 R\u00edos. <\/p>\n","protected":false},"excerpt":{"rendered":"<p>La creaci\u00f3n de un centro regional para la atenci\u00f3n de <a href=\"https:\/\/sertv.gob.pa\/nacionalfm\/centro-regional-para-atender-epilepsia-en-santiago-veraguas\/\"> [&#8230;]<\/a><\/p>\n","protected":false},"author":1,"featured_media":3802,"comment_status":"closed","ping_status":"closed","sticky":false,"template":"","format":"standard","meta":{"footnotes":""},"categories":[5],"tags":[],"class_list":["post-3801","post","type-post","status-publish","format-standard","has-post-thumbnail","hentry","category-salud"],"_links":{"self":[{"href":"https:\/\/sertv.gob.pa\/nacionalfm\/wp-json\/wp\/v2\/posts\/3801","targetHints":{"allow":["GET"]}}],"collection":[{"href":"https:\/\/sertv.gob.pa\/nacionalfm\/wp-json\/wp\/v2\/posts"}],"about":[{"href":"https:\/\/sertv.gob.pa\/nacionalfm\/wp-json\/wp\/v2\/types\/post"}],"author":[{"embeddable":true,"href":"https:\/\/sertv.gob.pa\/nacionalfm\/wp-json\/wp\/v2\/users\/1"}],"replies":[{"embeddable":true,"href":"https:\/\/sertv.gob.pa\/nacionalfm\/wp-json\/wp\/v2\/comments?post=3801"}],"version-history":[{"count":0,"href":"https:\/\/sertv.gob.pa\/nacionalfm\/wp-json\/wp\/v2\/posts\/3801\/revisions"}],"wp:featuredmedia":[{"embeddable":true,"href":"https:\/\/sertv.gob.pa\/nacionalfm\/wp-json\/wp\/v2\/media\/3802"}],"wp:attachment":[{"href":"https:\/\/sertv.gob.pa\/nacionalfm\/wp-json\/wp\/v2\/media?parent=3801"}],"wp:term":[{"taxonomy":"category","embeddable":true,"href":"https:\/\/sertv.gob.pa\/nacionalfm\/wp-json\/wp\/v2\/categories?post=3801"},{"taxonomy":"post_tag","embeddable":true,"href":"https:\/\/sertv.gob.pa\/nacionalfm\/wp-json\/wp\/v2\/tags?post=3801"}],"curies":[{"name":"wp","href":"https:\/\/api.w.org\/{rel}","templated":true}]}}