{"id":3815,"date":"2015-02-03T05:00:00","date_gmt":"2015-02-03T05:00:00","guid":{"rendered":""},"modified":"2015-02-03T05:00:00","modified_gmt":"2015-02-03T05:00:00","slug":"nuevo-caso-de-hantavirus-en-los-santos","status":"publish","type":"post","link":"https:\/\/sertv.gob.pa\/nacionalfm\/nuevo-caso-de-hantavirus-en-los-santos\/","title":{"rendered":"Nuevo caso de hantavirus en Los Santos"},"content":{"rendered":"<p>\nUn nuevo caso de hantavirus se reporta en la provincia de Los Santos. Se trata de un paciente masculino, 62 a\u00f1os, quien se halla recluido en la sala de cuidados intensivos del Hospital Joaqu\u00edn Pablo Franco Sayas. <\/p>\n<p>De acuerdo a los informes m\u00e9dicos, el paciente, residente de Pedas\u00ed, se encuentra en condici\u00f3n delicada. <\/p>\n<p>En total se han dado 4 casos en la provincia de Los Santos durante lo que va de este a\u00f1o. <\/p>\n<p>\u00a0 <\/p>\n","protected":false},"excerpt":{"rendered":"<p>Un nuevo caso de hantavirus se reporta en la provincia <a href=\"https:\/\/sertv.gob.pa\/nacionalfm\/nuevo-caso-de-hantavirus-en-los-santos\/\"> [&#8230;]<\/a><\/p>\n","protected":false},"author":1,"featured_media":3816,"comment_status":"closed","ping_status":"closed","sticky":false,"template":"","format":"standard","meta":{"footnotes":""},"categories":[5],"tags":[],"class_list":["post-3815","post","type-post","status-publish","format-standard","has-post-thumbnail","hentry","category-salud"],"_links":{"self":[{"href":"https:\/\/sertv.gob.pa\/nacionalfm\/wp-json\/wp\/v2\/posts\/3815","targetHints":{"allow":["GET"]}}],"collection":[{"href":"https:\/\/sertv.gob.pa\/nacionalfm\/wp-json\/wp\/v2\/posts"}],"about":[{"href":"https:\/\/sertv.gob.pa\/nacionalfm\/wp-json\/wp\/v2\/types\/post"}],"author":[{"embeddable":true,"href":"https:\/\/sertv.gob.pa\/nacionalfm\/wp-json\/wp\/v2\/users\/1"}],"replies":[{"embeddable":true,"href":"https:\/\/sertv.gob.pa\/nacionalfm\/wp-json\/wp\/v2\/comments?post=3815"}],"version-history":[{"count":0,"href":"https:\/\/sertv.gob.pa\/nacionalfm\/wp-json\/wp\/v2\/posts\/3815\/revisions"}],"wp:featuredmedia":[{"embeddable":true,"href":"https:\/\/sertv.gob.pa\/nacionalfm\/wp-json\/wp\/v2\/media\/3816"}],"wp:attachment":[{"href":"https:\/\/sertv.gob.pa\/nacionalfm\/wp-json\/wp\/v2\/media?parent=3815"}],"wp:term":[{"taxonomy":"category","embeddable":true,"href":"https:\/\/sertv.gob.pa\/nacionalfm\/wp-json\/wp\/v2\/categories?post=3815"},{"taxonomy":"post_tag","embeddable":true,"href":"https:\/\/sertv.gob.pa\/nacionalfm\/wp-json\/wp\/v2\/tags?post=3815"}],"curies":[{"name":"wp","href":"https:\/\/api.w.org\/{rel}","templated":true}]}}