{"id":3825,"date":"2015-02-04T05:00:00","date_gmt":"2015-02-04T05:00:00","guid":{"rendered":""},"modified":"2015-02-04T05:00:00","modified_gmt":"2015-02-04T05:00:00","slug":"hoy-se-conmemora-el-dia-mundial-contra-el-cancer","status":"publish","type":"post","link":"https:\/\/sertv.gob.pa\/nacionalfm\/hoy-se-conmemora-el-dia-mundial-contra-el-cancer\/","title":{"rendered":"Hoy se conmemora el D\u00eda Mundial contra el C\u00e1ncer"},"content":{"rendered":"<p>\nHoy, 4 de febrero, Panam\u00e1 se une a la conmemoraci\u00f3n del D\u00eda Mundial Contra el C\u00e1ncer para lograr la toma de conciencia y la participaci\u00f3n de la sociedad en la prevenci\u00f3n y control de este mal. <\/p>\n<p>En el Instituto Oncol\u00f3gico Nacional (ION) se cumple hoy con una agenda que contempla una serie de actividades para la fecha. <\/p>\n<p>El c\u00e1ncer es una de las principales causas de muerte en el mundo, con 8.2 millones de muertes anuales. <\/p>\n<p>Cerca de 1\/3 de los c\u00e1nceres m\u00e1s comunes se pueden prevenir evitando el cigarrillo, disminuyendo el consumo de alcohol, llevando una dieta saludable e incrementando la actividad f\u00edsica. <\/p>\n<p>\u00a0 <\/p>\n","protected":false},"excerpt":{"rendered":"<p>Hoy, 4 de febrero, Panam\u00e1 se une a la conmemoraci\u00f3n <a href=\"https:\/\/sertv.gob.pa\/nacionalfm\/hoy-se-conmemora-el-dia-mundial-contra-el-cancer\/\"> [&#8230;]<\/a><\/p>\n","protected":false},"author":1,"featured_media":3826,"comment_status":"closed","ping_status":"closed","sticky":false,"template":"","format":"standard","meta":{"footnotes":""},"categories":[5],"tags":[],"class_list":["post-3825","post","type-post","status-publish","format-standard","has-post-thumbnail","hentry","category-salud"],"_links":{"self":[{"href":"https:\/\/sertv.gob.pa\/nacionalfm\/wp-json\/wp\/v2\/posts\/3825","targetHints":{"allow":["GET"]}}],"collection":[{"href":"https:\/\/sertv.gob.pa\/nacionalfm\/wp-json\/wp\/v2\/posts"}],"about":[{"href":"https:\/\/sertv.gob.pa\/nacionalfm\/wp-json\/wp\/v2\/types\/post"}],"author":[{"embeddable":true,"href":"https:\/\/sertv.gob.pa\/nacionalfm\/wp-json\/wp\/v2\/users\/1"}],"replies":[{"embeddable":true,"href":"https:\/\/sertv.gob.pa\/nacionalfm\/wp-json\/wp\/v2\/comments?post=3825"}],"version-history":[{"count":0,"href":"https:\/\/sertv.gob.pa\/nacionalfm\/wp-json\/wp\/v2\/posts\/3825\/revisions"}],"wp:featuredmedia":[{"embeddable":true,"href":"https:\/\/sertv.gob.pa\/nacionalfm\/wp-json\/wp\/v2\/media\/3826"}],"wp:attachment":[{"href":"https:\/\/sertv.gob.pa\/nacionalfm\/wp-json\/wp\/v2\/media?parent=3825"}],"wp:term":[{"taxonomy":"category","embeddable":true,"href":"https:\/\/sertv.gob.pa\/nacionalfm\/wp-json\/wp\/v2\/categories?post=3825"},{"taxonomy":"post_tag","embeddable":true,"href":"https:\/\/sertv.gob.pa\/nacionalfm\/wp-json\/wp\/v2\/tags?post=3825"}],"curies":[{"name":"wp","href":"https:\/\/api.w.org\/{rel}","templated":true}]}}