{"id":3831,"date":"2015-02-04T05:00:00","date_gmt":"2015-02-04T05:00:00","guid":{"rendered":""},"modified":"2015-02-04T05:00:00","modified_gmt":"2015-02-04T05:00:00","slug":"calidad-del-sueno-se-afecta-por-el-tiempo-frente-a-una-pantalla","status":"publish","type":"post","link":"https:\/\/sertv.gob.pa\/nacionalfm\/calidad-del-sueno-se-afecta-por-el-tiempo-frente-a-una-pantalla\/","title":{"rendered":"Calidad del sue\u00f1o se afecta por el tiempo frente a una pantalla"},"content":{"rendered":"<p>\nSeg\u00fan un estudio publicado esta semana, los adolescentes que pasan mucho tiempo delante de las pantallas (televisores, ordenadores, m\u00f3viles, consolas) duermen menos y concilian peor el sue\u00f1o. <\/p>\n<p>El estudio, efectuado con 10\u00a0mil\u00a0j\u00f3venes noruegos de 16 a 19 a\u00f1os, muestra sobre todo que los adolescentes m\u00e1s aficionados a las pantallas corr\u00edan un peligro creciente de tardar una hora m\u00e1s en dormirse. Este riesgo se increment\u00f3 un 49% para quienes pasan m\u00e1s de cuatro horas diarias delante de una pantalla (fuera de los horarios escolares), con respecto a los que est\u00e1n menos de una hora. <\/p>\n<p>El peligro es m\u00e1ximo para quienes miran las pantallas la hora anterior a acostarse, seg\u00fan el estudio publicado en la revista m\u00e9dica digital BMJ Open. <\/p>\n<p>Los j\u00f3venes estudiados necesitaban una media de 8 a 9 horas de sue\u00f1o para estar en forma al d\u00eda siguiente, pero los que pasan m\u00e1s de dos horas mandando correos electr\u00f3nicos o chateando triplican el riesgo de dormir menos de cinco horas cada noche. <\/p>\n<p>Los cient\u00edficos, dirigidos por Mari Hysing, del centro de investigaci\u00f3n de la salud de Bergen (Noruega), instan a los poderes p\u00fablicos a actualizar los consejos en relaci\u00f3n con las pantallas. \u00abLos resultados (del estudio) confirman la necesidad de recomendar la restricci\u00f3n del uso de los medios audiovisuales en general\u00bb, agregan. <\/p>\n<p>Su\u00a0hip\u00f3tesis es que las pantallas estimulan el sistema nervioso y la luz emitida interviene en los ritmos biol\u00f3gicos, con una incidencia negativa en el sue\u00f1o. <\/p>\n<p>\u00a0 <\/p>\n","protected":false},"excerpt":{"rendered":"<p>Seg\u00fan un estudio publicado esta semana, los adolescentes que pasan <a href=\"https:\/\/sertv.gob.pa\/nacionalfm\/calidad-del-sueno-se-afecta-por-el-tiempo-frente-a-una-pantalla\/\"> [&#8230;]<\/a><\/p>\n","protected":false},"author":1,"featured_media":3832,"comment_status":"closed","ping_status":"closed","sticky":false,"template":"","format":"standard","meta":{"footnotes":""},"categories":[5],"tags":[],"class_list":["post-3831","post","type-post","status-publish","format-standard","has-post-thumbnail","hentry","category-salud"],"_links":{"self":[{"href":"https:\/\/sertv.gob.pa\/nacionalfm\/wp-json\/wp\/v2\/posts\/3831","targetHints":{"allow":["GET"]}}],"collection":[{"href":"https:\/\/sertv.gob.pa\/nacionalfm\/wp-json\/wp\/v2\/posts"}],"about":[{"href":"https:\/\/sertv.gob.pa\/nacionalfm\/wp-json\/wp\/v2\/types\/post"}],"author":[{"embeddable":true,"href":"https:\/\/sertv.gob.pa\/nacionalfm\/wp-json\/wp\/v2\/users\/1"}],"replies":[{"embeddable":true,"href":"https:\/\/sertv.gob.pa\/nacionalfm\/wp-json\/wp\/v2\/comments?post=3831"}],"version-history":[{"count":0,"href":"https:\/\/sertv.gob.pa\/nacionalfm\/wp-json\/wp\/v2\/posts\/3831\/revisions"}],"wp:featuredmedia":[{"embeddable":true,"href":"https:\/\/sertv.gob.pa\/nacionalfm\/wp-json\/wp\/v2\/media\/3832"}],"wp:attachment":[{"href":"https:\/\/sertv.gob.pa\/nacionalfm\/wp-json\/wp\/v2\/media?parent=3831"}],"wp:term":[{"taxonomy":"category","embeddable":true,"href":"https:\/\/sertv.gob.pa\/nacionalfm\/wp-json\/wp\/v2\/categories?post=3831"},{"taxonomy":"post_tag","embeddable":true,"href":"https:\/\/sertv.gob.pa\/nacionalfm\/wp-json\/wp\/v2\/tags?post=3831"}],"curies":[{"name":"wp","href":"https:\/\/api.w.org\/{rel}","templated":true}]}}