{"id":3837,"date":"2015-02-04T05:00:00","date_gmt":"2015-02-04T05:00:00","guid":{"rendered":""},"modified":"2015-02-04T05:00:00","modified_gmt":"2015-02-04T05:00:00","slug":"misterioso-virus-que-paraliza-a-ninos-en-estados-unidos","status":"publish","type":"post","link":"https:\/\/sertv.gob.pa\/nacionalfm\/misterioso-virus-que-paraliza-a-ninos-en-estados-unidos\/","title":{"rendered":"Misterioso virus que paraliza a ni\u00f1os en Estados Unidos"},"content":{"rendered":"<p>\nM\u00e9dicos e investigadores de Estados Unidos intentan descifrar un enigma que los tiene desconcertados: en los \u00faltimos seis meses, m\u00e1s de 100 ni\u00f1os y j\u00f3venes del pa\u00eds han sido v\u00edctimas de ataques de par\u00e1lisis repentina sin que se tenga idea de cu\u00e1l es la causa. <\/p>\n<p>Desde agosto se han multiplicado los casos de menores que sienten una repentina debilidad en una o varias extremidades y pierden la movilidad. <\/p>\n<p>Las im\u00e1genes de resonancia magn\u00e9tica (MRI, por sus siglas en ingl\u00e9s) efectuadas muestran inflamaci\u00f3n de la materia gris en el cerebro de los peque\u00f1os. <\/p>\n<p>El Centro para el Control y Prevenci\u00f3n de las Enfermedades (CDC, por sus siglas en ingl\u00e9s), con sede en Atlanta, investiga a contrarreloj los casos reportados, los factores de riesgo y las posibles causas de esta condici\u00f3n. <\/p>\n<p>Pero hasta ahora, lo poco que se sabe es el nombre que el CDC le ha dado a la enfermedad: mielitis fl\u00e1cida aguda, y que puede tener relaci\u00f3n con el brote de enterovirus que azot\u00f3 al pa\u00eds por las mismas fechas. <\/p>\n","protected":false},"excerpt":{"rendered":"<p>M\u00e9dicos e investigadores de Estados Unidos intentan descifrar un enigma <a href=\"https:\/\/sertv.gob.pa\/nacionalfm\/misterioso-virus-que-paraliza-a-ninos-en-estados-unidos\/\"> [&#8230;]<\/a><\/p>\n","protected":false},"author":1,"featured_media":3838,"comment_status":"closed","ping_status":"closed","sticky":false,"template":"","format":"standard","meta":{"footnotes":""},"categories":[5],"tags":[],"class_list":["post-3837","post","type-post","status-publish","format-standard","has-post-thumbnail","hentry","category-salud"],"_links":{"self":[{"href":"https:\/\/sertv.gob.pa\/nacionalfm\/wp-json\/wp\/v2\/posts\/3837","targetHints":{"allow":["GET"]}}],"collection":[{"href":"https:\/\/sertv.gob.pa\/nacionalfm\/wp-json\/wp\/v2\/posts"}],"about":[{"href":"https:\/\/sertv.gob.pa\/nacionalfm\/wp-json\/wp\/v2\/types\/post"}],"author":[{"embeddable":true,"href":"https:\/\/sertv.gob.pa\/nacionalfm\/wp-json\/wp\/v2\/users\/1"}],"replies":[{"embeddable":true,"href":"https:\/\/sertv.gob.pa\/nacionalfm\/wp-json\/wp\/v2\/comments?post=3837"}],"version-history":[{"count":0,"href":"https:\/\/sertv.gob.pa\/nacionalfm\/wp-json\/wp\/v2\/posts\/3837\/revisions"}],"wp:featuredmedia":[{"embeddable":true,"href":"https:\/\/sertv.gob.pa\/nacionalfm\/wp-json\/wp\/v2\/media\/3838"}],"wp:attachment":[{"href":"https:\/\/sertv.gob.pa\/nacionalfm\/wp-json\/wp\/v2\/media?parent=3837"}],"wp:term":[{"taxonomy":"category","embeddable":true,"href":"https:\/\/sertv.gob.pa\/nacionalfm\/wp-json\/wp\/v2\/categories?post=3837"},{"taxonomy":"post_tag","embeddable":true,"href":"https:\/\/sertv.gob.pa\/nacionalfm\/wp-json\/wp\/v2\/tags?post=3837"}],"curies":[{"name":"wp","href":"https:\/\/api.w.org\/{rel}","templated":true}]}}