{"id":3845,"date":"2015-02-05T05:00:00","date_gmt":"2015-02-05T05:00:00","guid":{"rendered":""},"modified":"2015-02-05T05:00:00","modified_gmt":"2015-02-05T05:00:00","slug":"minsa-anuncia-licitacion-de-nuevo-hospital-ion-para-el-2015","status":"publish","type":"post","link":"https:\/\/sertv.gob.pa\/nacionalfm\/minsa-anuncia-licitacion-de-nuevo-hospital-ion-para-el-2015\/","title":{"rendered":"Minsa anuncia licitaci\u00f3n de nuevo hospital ION para el 2015"},"content":{"rendered":"<p>\nJulio Santamar\u00eda, asesor del Ministerio de Salud (Minsa), anunci\u00f3 que el nuevo hospital del Instituto Oncol\u00f3gico Nacional (ION) se licitar\u00e1 en el transcurso de este a\u00f1o. <\/p>\n<p>Santamar\u00eda anticip\u00f3 que se tiene ya el plan funcional de manejo del nosocomio, cuyos fondos se obtendr\u00e1n del presupuesto del Minsa para 2016, porque los correspondientes a 2015 est\u00e1n comprometidos. <\/p>\n<p>El pasado 23 de diciembre, el Minsa cancel\u00f3 el primer contrato para construir el nuevo ION luego de haber detectado diversas anomal\u00edas. <\/p>\n<p>\u00a0 <\/p>\n","protected":false},"excerpt":{"rendered":"<p>Julio Santamar\u00eda, asesor del Ministerio de Salud (Minsa), anunci\u00f3 que <a href=\"https:\/\/sertv.gob.pa\/nacionalfm\/minsa-anuncia-licitacion-de-nuevo-hospital-ion-para-el-2015\/\"> [&#8230;]<\/a><\/p>\n","protected":false},"author":1,"featured_media":3846,"comment_status":"closed","ping_status":"closed","sticky":false,"template":"","format":"standard","meta":{"footnotes":""},"categories":[5],"tags":[],"class_list":["post-3845","post","type-post","status-publish","format-standard","has-post-thumbnail","hentry","category-salud"],"_links":{"self":[{"href":"https:\/\/sertv.gob.pa\/nacionalfm\/wp-json\/wp\/v2\/posts\/3845","targetHints":{"allow":["GET"]}}],"collection":[{"href":"https:\/\/sertv.gob.pa\/nacionalfm\/wp-json\/wp\/v2\/posts"}],"about":[{"href":"https:\/\/sertv.gob.pa\/nacionalfm\/wp-json\/wp\/v2\/types\/post"}],"author":[{"embeddable":true,"href":"https:\/\/sertv.gob.pa\/nacionalfm\/wp-json\/wp\/v2\/users\/1"}],"replies":[{"embeddable":true,"href":"https:\/\/sertv.gob.pa\/nacionalfm\/wp-json\/wp\/v2\/comments?post=3845"}],"version-history":[{"count":0,"href":"https:\/\/sertv.gob.pa\/nacionalfm\/wp-json\/wp\/v2\/posts\/3845\/revisions"}],"wp:featuredmedia":[{"embeddable":true,"href":"https:\/\/sertv.gob.pa\/nacionalfm\/wp-json\/wp\/v2\/media\/3846"}],"wp:attachment":[{"href":"https:\/\/sertv.gob.pa\/nacionalfm\/wp-json\/wp\/v2\/media?parent=3845"}],"wp:term":[{"taxonomy":"category","embeddable":true,"href":"https:\/\/sertv.gob.pa\/nacionalfm\/wp-json\/wp\/v2\/categories?post=3845"},{"taxonomy":"post_tag","embeddable":true,"href":"https:\/\/sertv.gob.pa\/nacionalfm\/wp-json\/wp\/v2\/tags?post=3845"}],"curies":[{"name":"wp","href":"https:\/\/api.w.org\/{rel}","templated":true}]}}