{"id":3847,"date":"2015-02-05T05:00:00","date_gmt":"2015-02-05T05:00:00","guid":{"rendered":""},"modified":"2015-02-05T05:00:00","modified_gmt":"2015-02-05T05:00:00","slug":"medicos-sin-fronteras-examinaran-a-mas-de-3-mil-personas","status":"publish","type":"post","link":"https:\/\/sertv.gob.pa\/nacionalfm\/medicos-sin-fronteras-examinaran-a-mas-de-3-mil-personas\/","title":{"rendered":"\u2018M\u00e9dicos sin fronteras\u2019 examinar\u00e1n a m\u00e1s de 3 mil personas"},"content":{"rendered":"<p>\nLa organizaci\u00f3n humanitaria &ldquo;M\u00e9dicos sin fronteras&rdquo;, proveniente de Estados Unidos, en una gira asistencial que organiza la iglesia adventista de Col\u00f3n, atender\u00e1 a m\u00e1s de 3 mil personas. <\/p>\n<p>Ruth Ann Goldson, coordinadora, manifest\u00f3 que esta gira internacional se ha efectuado durante 12 a\u00f1os seguidos, en bien de la poblaci\u00f3n m\u00e1s vulnerable de la provincia. <\/p>\n<p>Detall\u00f3 que la actividad comenz\u00f3 en las inmediaciones de la iglesia adventista, prosigui\u00f3 en el corregimiento de Cativ\u00e1 y concluir\u00e1 \u00a0en el sector de Lim\u00f3n. <\/p>\n<p>Yolanda Anderson, m\u00e9dica especialista estadounidense, expres\u00f3 estar satisfecha con el trabajo voluntario desempe\u00f1ado, mientras que Frida Quintero, subdirectora regional de Salud de Col\u00f3n, dijo que estos m\u00e9dicos cumplen con todos los requisitos exigidos por la ley. <\/p>\n<p>\u00a0 <\/p>\n","protected":false},"excerpt":{"rendered":"<p>La organizaci\u00f3n humanitaria &ldquo;M\u00e9dicos sin fronteras&rdquo;, proveniente de Estados Unidos, <a href=\"https:\/\/sertv.gob.pa\/nacionalfm\/medicos-sin-fronteras-examinaran-a-mas-de-3-mil-personas\/\"> [&#8230;]<\/a><\/p>\n","protected":false},"author":1,"featured_media":3848,"comment_status":"closed","ping_status":"closed","sticky":false,"template":"","format":"standard","meta":{"footnotes":""},"categories":[5],"tags":[],"class_list":["post-3847","post","type-post","status-publish","format-standard","has-post-thumbnail","hentry","category-salud"],"_links":{"self":[{"href":"https:\/\/sertv.gob.pa\/nacionalfm\/wp-json\/wp\/v2\/posts\/3847","targetHints":{"allow":["GET"]}}],"collection":[{"href":"https:\/\/sertv.gob.pa\/nacionalfm\/wp-json\/wp\/v2\/posts"}],"about":[{"href":"https:\/\/sertv.gob.pa\/nacionalfm\/wp-json\/wp\/v2\/types\/post"}],"author":[{"embeddable":true,"href":"https:\/\/sertv.gob.pa\/nacionalfm\/wp-json\/wp\/v2\/users\/1"}],"replies":[{"embeddable":true,"href":"https:\/\/sertv.gob.pa\/nacionalfm\/wp-json\/wp\/v2\/comments?post=3847"}],"version-history":[{"count":0,"href":"https:\/\/sertv.gob.pa\/nacionalfm\/wp-json\/wp\/v2\/posts\/3847\/revisions"}],"wp:featuredmedia":[{"embeddable":true,"href":"https:\/\/sertv.gob.pa\/nacionalfm\/wp-json\/wp\/v2\/media\/3848"}],"wp:attachment":[{"href":"https:\/\/sertv.gob.pa\/nacionalfm\/wp-json\/wp\/v2\/media?parent=3847"}],"wp:term":[{"taxonomy":"category","embeddable":true,"href":"https:\/\/sertv.gob.pa\/nacionalfm\/wp-json\/wp\/v2\/categories?post=3847"},{"taxonomy":"post_tag","embeddable":true,"href":"https:\/\/sertv.gob.pa\/nacionalfm\/wp-json\/wp\/v2\/tags?post=3847"}],"curies":[{"name":"wp","href":"https:\/\/api.w.org\/{rel}","templated":true}]}}