{"id":3865,"date":"2015-02-06T05:00:00","date_gmt":"2015-02-06T05:00:00","guid":{"rendered":""},"modified":"2015-02-06T05:00:00","modified_gmt":"2015-02-06T05:00:00","slug":"cancer-de-pulmon-supera-el-de-seno-en-paises-desarrollados","status":"publish","type":"post","link":"https:\/\/sertv.gob.pa\/nacionalfm\/cancer-de-pulmon-supera-el-de-seno-en-paises-desarrollados\/","title":{"rendered":"C\u00e1ncer de pulm\u00f3n supera el de seno en pa\u00edses desarrollados"},"content":{"rendered":"<p>\nLa principal causa de muerte por c\u00e1ncer entre las mujeres de los pa\u00edses desarrollados es ahora el c\u00e1ncer de pulm\u00f3n superando al c\u00e1ncer de seno, que lo fue durante largo tiempo, anunciaron investigadores. <\/p>\n<p>El nuevo estudio fue dirigido por investigadores de la  American Cancer   Society  en colaboraci\u00f3n con la Agencia internacional de investigaci\u00f3n sobre el c\u00e1ncer (AIRC, por su sigla en franc\u00e9s) de Francia. <\/p>\n<p>Los investigadores subrayaron que el cambio refleja una tendencia creciente en el consumo de tabaco en las mujeres, que se produjo m\u00e1s tard\u00edamente que en los hombres. <\/p>\n<p>El c\u00e1ncer de pulm\u00f3n ha sido la principal causa de muerte por c\u00e1ncer para los hombres durante varias d\u00e9cadas tanto en pa\u00edses desarrollados como en desarrollo. <\/p>\n<p>En los pa\u00edses en desarrollo, el c\u00e1ncer de seno contin\u00faa siendo el principal causante de muerte entre las mujeres. <\/p>\n<p>\u00a0 <\/p>\n","protected":false},"excerpt":{"rendered":"<p>La principal causa de muerte por c\u00e1ncer entre las mujeres <a href=\"https:\/\/sertv.gob.pa\/nacionalfm\/cancer-de-pulmon-supera-el-de-seno-en-paises-desarrollados\/\"> [&#8230;]<\/a><\/p>\n","protected":false},"author":1,"featured_media":3866,"comment_status":"closed","ping_status":"closed","sticky":false,"template":"","format":"standard","meta":{"footnotes":""},"categories":[5],"tags":[],"class_list":["post-3865","post","type-post","status-publish","format-standard","has-post-thumbnail","hentry","category-salud"],"_links":{"self":[{"href":"https:\/\/sertv.gob.pa\/nacionalfm\/wp-json\/wp\/v2\/posts\/3865","targetHints":{"allow":["GET"]}}],"collection":[{"href":"https:\/\/sertv.gob.pa\/nacionalfm\/wp-json\/wp\/v2\/posts"}],"about":[{"href":"https:\/\/sertv.gob.pa\/nacionalfm\/wp-json\/wp\/v2\/types\/post"}],"author":[{"embeddable":true,"href":"https:\/\/sertv.gob.pa\/nacionalfm\/wp-json\/wp\/v2\/users\/1"}],"replies":[{"embeddable":true,"href":"https:\/\/sertv.gob.pa\/nacionalfm\/wp-json\/wp\/v2\/comments?post=3865"}],"version-history":[{"count":0,"href":"https:\/\/sertv.gob.pa\/nacionalfm\/wp-json\/wp\/v2\/posts\/3865\/revisions"}],"wp:featuredmedia":[{"embeddable":true,"href":"https:\/\/sertv.gob.pa\/nacionalfm\/wp-json\/wp\/v2\/media\/3866"}],"wp:attachment":[{"href":"https:\/\/sertv.gob.pa\/nacionalfm\/wp-json\/wp\/v2\/media?parent=3865"}],"wp:term":[{"taxonomy":"category","embeddable":true,"href":"https:\/\/sertv.gob.pa\/nacionalfm\/wp-json\/wp\/v2\/categories?post=3865"},{"taxonomy":"post_tag","embeddable":true,"href":"https:\/\/sertv.gob.pa\/nacionalfm\/wp-json\/wp\/v2\/tags?post=3865"}],"curies":[{"name":"wp","href":"https:\/\/api.w.org\/{rel}","templated":true}]}}