{"id":3879,"date":"2015-02-07T05:00:00","date_gmt":"2015-02-07T05:00:00","guid":{"rendered":""},"modified":"2015-02-07T05:00:00","modified_gmt":"2015-02-07T05:00:00","slug":"san-miguelito-en-alerta-verde-en-carnaval","status":"publish","type":"post","link":"https:\/\/sertv.gob.pa\/nacionalfm\/san-miguelito-en-alerta-verde-en-carnaval\/","title":{"rendered":"San Miguelito en alerta verde en carnaval"},"content":{"rendered":"<p>\nA partir de las 6:00 p.m. del viernes 13 de febrero hasta\u00a0 las 12:00 m.d. del 19 de febrero, la Regi\u00f3n de Salud de San Miguelito, La Cumbres y Chilibre, se mantendr\u00e1 en alerta verde de prevenci\u00f3n por motivo de celebrarse en todo el pa\u00eds las actividades carnestolendas. <\/p>\n<p>Cerca de 100 funcionarios, entre personal m\u00e9dico e inspectores de salud, trabajaran en turnos rotativos, a fin de garantizar la vigilancia sanitaria y la asistencia m\u00e9dica en caso de que se presenten situaciones de emergencia durante los cuatro \u00a0d\u00edas de carnaval en \u00a0el distrito de San Miguelito. <\/p>\n<p>El director de esta regional de salud, Juan Biebarach, se\u00f1al\u00f3 que este a\u00f1o se extremar\u00e1n las medidas de control en las rutas del carnaval \u00a0principalmente en los sitios de expendio de alimentos. <\/p>\n<p>Indic\u00f3 que se &ldquo;expulsar\u00e1n\u00a0 de la ruta del carnaval \u00a0a los vendedores de alimentos en puestos fijos y ambulantes que no muestren los carn\u00e9 de salud\u00a0 vigentes, el verde y el blanco&rdquo;. <\/p>\n<p>Agreg\u00f3 \u00a0que los propietarios de los carros cisternas deber\u00e1n \u00a0entregar, a partir de la fecha, en el centro de salud m\u00e1s cercano copia del registro \u00fanico vehicular y constancia\u00a0 de que el cisterna no ha sido usado para transportar combustible; posteriormente, t\u00e9cnicos de saneamiento ambiental proceder\u00e1n con la inspecci\u00f3n y colocaci\u00f3n de la calcoman\u00eda que certifica su uso para las mojaderas. <\/p>\n<p>&ldquo;Se estar\u00e1n verificando el nivel de cloraci\u00f3n del agua en los cisterna que estar\u00e1n en los culecos y aquellos carros que no tengan la calcoman\u00eda del Ministerio de Salud (MINSA) se van hacer acreedores de una multa que va de los mil a los 5 mil d\u00f3lares y la remoci\u00f3n del veh\u00edculo del lugar&rdquo;, advirti\u00f3 el doctor Biebarach. <\/p>\n<p>El funcionario inst\u00f3 a la poblaci\u00f3n de San Miguelito a divertirse sanamente, beber abundante agua para hidratar el cuerpo y utilizar bloqueador solar. <\/p>\n<p>\u00a0 <\/p>\n","protected":false},"excerpt":{"rendered":"<p>A partir de las 6:00 p.m. del viernes 13 de <a href=\"https:\/\/sertv.gob.pa\/nacionalfm\/san-miguelito-en-alerta-verde-en-carnaval\/\"> [&#8230;]<\/a><\/p>\n","protected":false},"author":1,"featured_media":3880,"comment_status":"closed","ping_status":"closed","sticky":false,"template":"","format":"standard","meta":{"footnotes":""},"categories":[5],"tags":[],"class_list":["post-3879","post","type-post","status-publish","format-standard","has-post-thumbnail","hentry","category-salud"],"_links":{"self":[{"href":"https:\/\/sertv.gob.pa\/nacionalfm\/wp-json\/wp\/v2\/posts\/3879","targetHints":{"allow":["GET"]}}],"collection":[{"href":"https:\/\/sertv.gob.pa\/nacionalfm\/wp-json\/wp\/v2\/posts"}],"about":[{"href":"https:\/\/sertv.gob.pa\/nacionalfm\/wp-json\/wp\/v2\/types\/post"}],"author":[{"embeddable":true,"href":"https:\/\/sertv.gob.pa\/nacionalfm\/wp-json\/wp\/v2\/users\/1"}],"replies":[{"embeddable":true,"href":"https:\/\/sertv.gob.pa\/nacionalfm\/wp-json\/wp\/v2\/comments?post=3879"}],"version-history":[{"count":0,"href":"https:\/\/sertv.gob.pa\/nacionalfm\/wp-json\/wp\/v2\/posts\/3879\/revisions"}],"wp:featuredmedia":[{"embeddable":true,"href":"https:\/\/sertv.gob.pa\/nacionalfm\/wp-json\/wp\/v2\/media\/3880"}],"wp:attachment":[{"href":"https:\/\/sertv.gob.pa\/nacionalfm\/wp-json\/wp\/v2\/media?parent=3879"}],"wp:term":[{"taxonomy":"category","embeddable":true,"href":"https:\/\/sertv.gob.pa\/nacionalfm\/wp-json\/wp\/v2\/categories?post=3879"},{"taxonomy":"post_tag","embeddable":true,"href":"https:\/\/sertv.gob.pa\/nacionalfm\/wp-json\/wp\/v2\/tags?post=3879"}],"curies":[{"name":"wp","href":"https:\/\/api.w.org\/{rel}","templated":true}]}}