{"id":38926,"date":"2019-05-21T16:54:50","date_gmt":"2019-05-21T16:54:50","guid":{"rendered":"https:\/\/sertv.gob.pa\/nacionalfm\/?p=38926"},"modified":"2019-05-21T16:54:50","modified_gmt":"2019-05-21T16:54:50","slug":"mop-de-panama-oeste-concluye-el-proyecto-buena-vista-la-lagunita-en-chame","status":"publish","type":"post","link":"https:\/\/sertv.gob.pa\/nacionalfm\/mop-de-panama-oeste-concluye-el-proyecto-buena-vista-la-lagunita-en-chame\/","title":{"rendered":"MOP  de Panam\u00e1 Oeste, concluye el proyecto Buena Vista \u2013 La Lagunita, en Chame"},"content":{"rendered":"<p>En la actualidad, son varios los proyectos ejecutados por el personal del Ministerio de Obras P\u00fablicas en la provincia de Panam\u00e1 Oeste, que han finalizado y esto brinda a sus habitantes calles en \u00f3ptimas condiciones y m\u00e1s seguras.<\/p>\n<p><strong>Uno de estos proyectos<\/strong>, \u00a0<strong>es <\/strong>el Dise\u00f1o y construcci\u00f3n del camino <strong>Buena Vista \u2013 La Lagunita, situado en el distrito de Chame,<\/strong> obra que fue desarrolla a trav\u00e9s de la empresa contratista Viguecons Estevez, S.A, sobre una longitud de 2.73 kil\u00f3metros <strong>y su costo de inversi\u00f3n de<\/strong> <strong>B\/.1,767,718.88. Este proyecto, comenz\u00f3 en la carretera principal<\/strong> <strong>hacia Buena Vista, en Sor\u00e1, y culmin\u00f3 en el cuadro de f\u00fatbol<\/strong> <strong>de La Lagunita;<\/strong> adem\u00e1s contempl\u00f3 la construcci\u00f3n de un ramal hacia la escuela La Lagunita.<\/p>\n<p>Esta carretera, abarc\u00f3 la limpieza y conformaci\u00f3n de cauce de afluentes, ampliaci\u00f3n de la calzada, colocaci\u00f3n de drenajes tubulares transversales de 0.75 y 0.90 metros de di\u00e1metro con sus respectivos cabezales, y la construcci\u00f3n de cuatro cajones pluviales. Igualmente, se construyeron cuatro mil doscientos sesenta (4,260) metros lineales de cunetas estilo trapezoidal, 336 metros lineales de aceras de 1.20 metros de ancho, tres casetas tipo rural con sus bah\u00edas, colocaci\u00f3n de planchas de concreto para entradas a residencias y fincas y 1,000 metros lineales de barreras de protecci\u00f3n met\u00e1licas, entre otras cosas.<\/p>\n<p>Al respecto, Edwuar Morales, transportista de la ruta Bejuco \u2013 Buena Vista, revel\u00f3, que con esta nueva carretera han podido ampliar su cobertura de transporte hasta La Lagunita y brindar el servicio a cientos de pobladores que antes ten\u00eda que caminar horas en busca de un transporte, pues el camino era intransitable.<\/p>\n<p>Morales coment\u00f3 adem\u00e1s, que ahora con la nueva carretera s\u00f3lo les toma cinco minutos llegar a la Lagunita. En nombre de sus compa\u00f1eros transportista y sus usuarios, extendi\u00f3 un agradecimiento al Gobierno Nacional y al MOP, por hacer realidad esta obra que redunda en beneficios y desarrollo para muchos habitantes y estudiantes.<\/p>\n<p>Cabe resaltar, que la nueva carretera, favorece a m\u00e1s de tres mil habitantes de los sectores de Taviral, El Nanzal, La Chepa, Punta Arena y Alto Caimito, quienes por lo general se dedican a la agricultura y la ganader\u00eda. Al mismo tiempo, beneficia a m\u00e1s de sesenta estudiantes que asisten al C.E.B.G. de La Lagunita y docentes.<\/p>\n<p>&nbsp;<\/p>\n","protected":false},"excerpt":{"rendered":"<p>En la actualidad, son varios los proyectos ejecutados por el <a href=\"https:\/\/sertv.gob.pa\/nacionalfm\/mop-de-panama-oeste-concluye-el-proyecto-buena-vista-la-lagunita-en-chame\/\"> [&#8230;]<\/a><\/p>\n","protected":false},"author":9,"featured_media":38927,"comment_status":"closed","ping_status":"closed","sticky":false,"template":"","format":"standard","meta":{"footnotes":""},"categories":[2],"tags":[],"class_list":["post-38926","post","type-post","status-publish","format-standard","has-post-thumbnail","hentry","category-nacionales"],"_links":{"self":[{"href":"https:\/\/sertv.gob.pa\/nacionalfm\/wp-json\/wp\/v2\/posts\/38926","targetHints":{"allow":["GET"]}}],"collection":[{"href":"https:\/\/sertv.gob.pa\/nacionalfm\/wp-json\/wp\/v2\/posts"}],"about":[{"href":"https:\/\/sertv.gob.pa\/nacionalfm\/wp-json\/wp\/v2\/types\/post"}],"author":[{"embeddable":true,"href":"https:\/\/sertv.gob.pa\/nacionalfm\/wp-json\/wp\/v2\/users\/9"}],"replies":[{"embeddable":true,"href":"https:\/\/sertv.gob.pa\/nacionalfm\/wp-json\/wp\/v2\/comments?post=38926"}],"version-history":[{"count":1,"href":"https:\/\/sertv.gob.pa\/nacionalfm\/wp-json\/wp\/v2\/posts\/38926\/revisions"}],"predecessor-version":[{"id":38928,"href":"https:\/\/sertv.gob.pa\/nacionalfm\/wp-json\/wp\/v2\/posts\/38926\/revisions\/38928"}],"wp:featuredmedia":[{"embeddable":true,"href":"https:\/\/sertv.gob.pa\/nacionalfm\/wp-json\/wp\/v2\/media\/38927"}],"wp:attachment":[{"href":"https:\/\/sertv.gob.pa\/nacionalfm\/wp-json\/wp\/v2\/media?parent=38926"}],"wp:term":[{"taxonomy":"category","embeddable":true,"href":"https:\/\/sertv.gob.pa\/nacionalfm\/wp-json\/wp\/v2\/categories?post=38926"},{"taxonomy":"post_tag","embeddable":true,"href":"https:\/\/sertv.gob.pa\/nacionalfm\/wp-json\/wp\/v2\/tags?post=38926"}],"curies":[{"name":"wp","href":"https:\/\/api.w.org\/{rel}","templated":true}]}}