{"id":3899,"date":"2015-02-08T05:00:00","date_gmt":"2015-02-08T05:00:00","guid":{"rendered":""},"modified":"2015-02-08T05:00:00","modified_gmt":"2015-02-08T05:00:00","slug":"primeros-casos-de-chikungunya-en-colon-en-2015","status":"publish","type":"post","link":"https:\/\/sertv.gob.pa\/nacionalfm\/primeros-casos-de-chikungunya-en-colon-en-2015\/","title":{"rendered":"Primeros casos de Chikungunya en Col\u00f3n en 2015"},"content":{"rendered":"<p>\nLos dos primeros casos positivos de chikungunya en Col\u00f3n durante 2015 fueron confirmados por el Ministerio de Salud,\u00a0 ambos pacientes provenientes del extranjero. <\/p>\n<p>Julio Palacios, director de Epidemiolog\u00eda, detall\u00f3 que el primer caso es de una argentina que proven\u00eda de Cartagena y atrac\u00f3 su velero en Portobelo, donde se sinti\u00f3 mal, y al tomarse la prueba result\u00f3 positiva con la enfermedad y ya ten\u00eda 70 d\u00edas de evoluci\u00f3n. <\/p>\n<p>El segundo caso es de un residente en el corregimiento Barrio Norte que estuvo de viaje en Santa Marta, Colombia, detect\u00e1ndosele la enfermedad la tercera semana de enero. <\/p>\n<p>En ambos casos se hicieron las investigaciones de campo y fumigaron los sitios donde estuvieron los pacientes. <\/p>\n<p>\u00a0 <\/p>\n","protected":false},"excerpt":{"rendered":"<p>Los dos primeros casos positivos de chikungunya en Col\u00f3n durante <a href=\"https:\/\/sertv.gob.pa\/nacionalfm\/primeros-casos-de-chikungunya-en-colon-en-2015\/\"> [&#8230;]<\/a><\/p>\n","protected":false},"author":1,"featured_media":3900,"comment_status":"closed","ping_status":"closed","sticky":false,"template":"","format":"standard","meta":{"footnotes":""},"categories":[5],"tags":[],"class_list":["post-3899","post","type-post","status-publish","format-standard","has-post-thumbnail","hentry","category-salud"],"_links":{"self":[{"href":"https:\/\/sertv.gob.pa\/nacionalfm\/wp-json\/wp\/v2\/posts\/3899","targetHints":{"allow":["GET"]}}],"collection":[{"href":"https:\/\/sertv.gob.pa\/nacionalfm\/wp-json\/wp\/v2\/posts"}],"about":[{"href":"https:\/\/sertv.gob.pa\/nacionalfm\/wp-json\/wp\/v2\/types\/post"}],"author":[{"embeddable":true,"href":"https:\/\/sertv.gob.pa\/nacionalfm\/wp-json\/wp\/v2\/users\/1"}],"replies":[{"embeddable":true,"href":"https:\/\/sertv.gob.pa\/nacionalfm\/wp-json\/wp\/v2\/comments?post=3899"}],"version-history":[{"count":0,"href":"https:\/\/sertv.gob.pa\/nacionalfm\/wp-json\/wp\/v2\/posts\/3899\/revisions"}],"wp:featuredmedia":[{"embeddable":true,"href":"https:\/\/sertv.gob.pa\/nacionalfm\/wp-json\/wp\/v2\/media\/3900"}],"wp:attachment":[{"href":"https:\/\/sertv.gob.pa\/nacionalfm\/wp-json\/wp\/v2\/media?parent=3899"}],"wp:term":[{"taxonomy":"category","embeddable":true,"href":"https:\/\/sertv.gob.pa\/nacionalfm\/wp-json\/wp\/v2\/categories?post=3899"},{"taxonomy":"post_tag","embeddable":true,"href":"https:\/\/sertv.gob.pa\/nacionalfm\/wp-json\/wp\/v2\/tags?post=3899"}],"curies":[{"name":"wp","href":"https:\/\/api.w.org\/{rel}","templated":true}]}}