{"id":3907,"date":"2015-02-09T05:00:00","date_gmt":"2015-02-09T05:00:00","guid":{"rendered":""},"modified":"2015-02-09T05:00:00","modified_gmt":"2015-02-09T05:00:00","slug":"la-diabetes-mellitus-padecimiento-cronico","status":"publish","type":"post","link":"https:\/\/sertv.gob.pa\/nacionalfm\/la-diabetes-mellitus-padecimiento-cronico\/","title":{"rendered":"La diabetes mellitus, padecimiento cr\u00f3nico"},"content":{"rendered":"<p>\nLa diabetes mellitus, un padecimiento de tipo cr\u00f3nico que hace que la persona no pueda regular la cantidad de az\u00facar en su sangre, afecta la vida de muchos en Panam\u00e1, pero no se sab\u00eda con certeza c\u00f3mo la edad, la raza, el ingreso familiar y otros factores inciden en el peligro de desarrollar esta enfermedad en el pa\u00eds. <\/p>\n<p>Para analizarlo, cient\u00edficos del Instituto Conmemorativo Gorgas de Estudios de la Salud (Icges), del Ministerio de Salud (Minsa) y de la Universidad de Panam\u00e1 (UP) llevaron a cabo un estudio para estimar la cantidad de personas que viven en la provincia de Panam\u00e1 y Col\u00f3n con este mal, y para conocer c\u00f3mo la diabetes mellitus se distribuye seg\u00fan grupo de edad, sexo, \u00e1reas urbanas, rurales e ind\u00edgenas, ingreso familiar, estado conyugal y escolaridad. <\/p>\n<p>Asimismo, se buscaba conocer cu\u00e1ntas personas con diabetes mellitus recib\u00edan el tratamiento en el pa\u00eds y, de ellas, cu\u00e1ntas estaban m\u00e9dicamente controladas. <\/p>\n<p>Se trata del estudio &ldquo;Prevalence, sociodemographic distribution, treatment and control of diabetes mellitus in Panama&rdquo;, que fue publicado recientemente en la revista Diabetology &#038; Metabolic Syndrome. Este encontr\u00f3 una alta prevalencia de diabetes mellitus en Panam\u00e1, donde ser afropaname\u00f1o y mayor de 50 a\u00f1os son factores sociodemogr\u00e1ficos de riesgo. <\/p>\n<p>La investigaci\u00f3n, hecha por Anselmo Mc Donald (Icges), Jos\u00e9 Montenegro (Minsa), Clara Cruz, Aida Moreno y Alberto Cumbrera (UP), es el primer estudio epidemiol\u00f3gico sobre la &ldquo;prevalencia&rdquo; de diabetes mellitus en la poblaci\u00f3n paname\u00f1a de 18 a\u00f1os y m\u00e1s, &ldquo;donde la clasificaci\u00f3n de diabetes mellitus se realiz\u00f3 con el diagn\u00f3stico m\u00e9dico previo, niveles sangu\u00edneos de glicemia (az\u00facar en la sangre) en ayunas y hemoglobina glicosilada (un indicador de c\u00f3mo est\u00e1n los niveles de az\u00facar en la sangre en los \u00faltimos 3 meses), explica Mc Donald, m\u00e9dico y l\u00edder de esta investigaci\u00f3n. <\/p>\n<p>\u00a0 <\/p>\n","protected":false},"excerpt":{"rendered":"<p>La diabetes mellitus, un padecimiento de tipo cr\u00f3nico que hace <a href=\"https:\/\/sertv.gob.pa\/nacionalfm\/la-diabetes-mellitus-padecimiento-cronico\/\"> [&#8230;]<\/a><\/p>\n","protected":false},"author":1,"featured_media":3908,"comment_status":"closed","ping_status":"closed","sticky":false,"template":"","format":"standard","meta":{"footnotes":""},"categories":[5],"tags":[],"class_list":["post-3907","post","type-post","status-publish","format-standard","has-post-thumbnail","hentry","category-salud"],"_links":{"self":[{"href":"https:\/\/sertv.gob.pa\/nacionalfm\/wp-json\/wp\/v2\/posts\/3907","targetHints":{"allow":["GET"]}}],"collection":[{"href":"https:\/\/sertv.gob.pa\/nacionalfm\/wp-json\/wp\/v2\/posts"}],"about":[{"href":"https:\/\/sertv.gob.pa\/nacionalfm\/wp-json\/wp\/v2\/types\/post"}],"author":[{"embeddable":true,"href":"https:\/\/sertv.gob.pa\/nacionalfm\/wp-json\/wp\/v2\/users\/1"}],"replies":[{"embeddable":true,"href":"https:\/\/sertv.gob.pa\/nacionalfm\/wp-json\/wp\/v2\/comments?post=3907"}],"version-history":[{"count":0,"href":"https:\/\/sertv.gob.pa\/nacionalfm\/wp-json\/wp\/v2\/posts\/3907\/revisions"}],"wp:featuredmedia":[{"embeddable":true,"href":"https:\/\/sertv.gob.pa\/nacionalfm\/wp-json\/wp\/v2\/media\/3908"}],"wp:attachment":[{"href":"https:\/\/sertv.gob.pa\/nacionalfm\/wp-json\/wp\/v2\/media?parent=3907"}],"wp:term":[{"taxonomy":"category","embeddable":true,"href":"https:\/\/sertv.gob.pa\/nacionalfm\/wp-json\/wp\/v2\/categories?post=3907"},{"taxonomy":"post_tag","embeddable":true,"href":"https:\/\/sertv.gob.pa\/nacionalfm\/wp-json\/wp\/v2\/tags?post=3907"}],"curies":[{"name":"wp","href":"https:\/\/api.w.org\/{rel}","templated":true}]}}