{"id":3929,"date":"2015-02-10T05:00:00","date_gmt":"2015-02-10T05:00:00","guid":{"rendered":""},"modified":"2015-02-10T05:00:00","modified_gmt":"2015-02-10T05:00:00","slug":"alerta-de-intoxicaciones-por-comer-narcisos-en-gran-bretana","status":"publish","type":"post","link":"https:\/\/sertv.gob.pa\/nacionalfm\/alerta-de-intoxicaciones-por-comer-narcisos-en-gran-bretana\/","title":{"rendered":"Alerta de intoxicaciones por comer narcisos en Gran Breta\u00f1a"},"content":{"rendered":"<p>\nAutoridades de salud en Gran Breta\u00f1a tienen un mensaje: los narcisos pueden intoxicarte. Las autoridades solicitaron a los supermercados mantener las flores lejos de las frutas y vegetales, para que los clientes no confundan flores da\u00f1inas con aquellas comestibles. <\/p>\n<p>Salud P\u00fablica de Inglaterra se\u00f1al\u00f3 que ha visto casos donde los clientes confunden los bulbos de narciso por cebollas y tallos de un popular vegetal chino. <\/p>\n<p>La agencia de salud ya envi\u00f3 a los supermercados una carta titulada \u00abPasos para evitar que el narciso envenene esta primavera\u00bb. <\/p>\n<p>Comer narcisos puede causar v\u00f3mito y diarrea. <\/p>\n<p>En 2012, varias personas en Inglaterra fueron hospitalizadas despu\u00e9s de comer tallos de esta flor. La agencia inform\u00f3 que ha recibido unos 63 casos sobre envenenamiento con narciso en los \u00faltimos seis a\u00f1os. <\/p>\n","protected":false},"excerpt":{"rendered":"<p>Autoridades de salud en Gran Breta\u00f1a tienen un mensaje: los <a href=\"https:\/\/sertv.gob.pa\/nacionalfm\/alerta-de-intoxicaciones-por-comer-narcisos-en-gran-bretana\/\"> [&#8230;]<\/a><\/p>\n","protected":false},"author":1,"featured_media":3930,"comment_status":"closed","ping_status":"closed","sticky":false,"template":"","format":"standard","meta":{"footnotes":""},"categories":[5],"tags":[],"class_list":["post-3929","post","type-post","status-publish","format-standard","has-post-thumbnail","hentry","category-salud"],"_links":{"self":[{"href":"https:\/\/sertv.gob.pa\/nacionalfm\/wp-json\/wp\/v2\/posts\/3929","targetHints":{"allow":["GET"]}}],"collection":[{"href":"https:\/\/sertv.gob.pa\/nacionalfm\/wp-json\/wp\/v2\/posts"}],"about":[{"href":"https:\/\/sertv.gob.pa\/nacionalfm\/wp-json\/wp\/v2\/types\/post"}],"author":[{"embeddable":true,"href":"https:\/\/sertv.gob.pa\/nacionalfm\/wp-json\/wp\/v2\/users\/1"}],"replies":[{"embeddable":true,"href":"https:\/\/sertv.gob.pa\/nacionalfm\/wp-json\/wp\/v2\/comments?post=3929"}],"version-history":[{"count":0,"href":"https:\/\/sertv.gob.pa\/nacionalfm\/wp-json\/wp\/v2\/posts\/3929\/revisions"}],"wp:featuredmedia":[{"embeddable":true,"href":"https:\/\/sertv.gob.pa\/nacionalfm\/wp-json\/wp\/v2\/media\/3930"}],"wp:attachment":[{"href":"https:\/\/sertv.gob.pa\/nacionalfm\/wp-json\/wp\/v2\/media?parent=3929"}],"wp:term":[{"taxonomy":"category","embeddable":true,"href":"https:\/\/sertv.gob.pa\/nacionalfm\/wp-json\/wp\/v2\/categories?post=3929"},{"taxonomy":"post_tag","embeddable":true,"href":"https:\/\/sertv.gob.pa\/nacionalfm\/wp-json\/wp\/v2\/tags?post=3929"}],"curies":[{"name":"wp","href":"https:\/\/api.w.org\/{rel}","templated":true}]}}