{"id":39341,"date":"2019-06-03T19:35:54","date_gmt":"2019-06-03T19:35:54","guid":{"rendered":"https:\/\/sertv.gob.pa\/nacionalfm\/?p=39341"},"modified":"2019-06-03T19:35:54","modified_gmt":"2019-06-03T19:35:54","slug":"capacitan-al-personal-de-policlinica-pablo-espinosa-j-sobre-el-embarazo-en-las-adolescentes","status":"publish","type":"post","link":"https:\/\/sertv.gob.pa\/nacionalfm\/capacitan-al-personal-de-policlinica-pablo-espinosa-j-sobre-el-embarazo-en-las-adolescentes\/","title":{"rendered":"Capacitan al personal de Policl\u00ednica Pablo Espinosa J. sobre el embarazo en las adolescentes"},"content":{"rendered":"<p>&nbsp;<\/p>\n<p>En la actualidad, unos 27 casos por d\u00eda, de ni\u00f1as en estado de gravidez de edades entre 10 y 19 a\u00f1os, se presentan en Panam\u00e1; es por esto que el Lcdo. Ricardo Bouttet, del Departamento de Enfermer\u00eda de la Policl\u00ednica Pablo Espinosa J., de la CSS en Bugaba, preocupado por esta cifra, se dirige a colaboradores multidisciplinarios con el tema <strong><em>\u201cLa Preocupante Situaci\u00f3n de la Adolescente Embarazada\u201d.<\/em><\/strong><\/p>\n<p>\u00bfQu\u00e9 podemos hacer para prevenir este flagelo existente en la sociedad?, Debemos prevenir los embarazos en las adolescentes, a trav\u00e9s de la educaci\u00f3n a los padres de familia, abordar a las j\u00f3venes en las escuelas, promocionar en conjunto, la CSS y el Ministerio de Salud (MINSA), pol\u00edticas de Estado, mayor orientaci\u00f3n y acceso a anticonceptivos, entre otras medidas, a\u00f1adi\u00f3 el Lcdo. Bouttet.<\/p>\n<p>Cabe enfatizar, que los datos estad\u00edsticos que registra el Ministerio de Salud (MINSA), revelaron que en 2018, a nivel nacional, se presentaron 10 mil 440 casos de embarazadas a temprana edad, s\u00f3lo en la provincia de Chiriqu\u00ed, en este mismo per\u00edodo, se presentaron mil 584 adolescentes, en estado de gravidez, especific\u00f3 el Lcdo. Bouttet.<\/p>\n","protected":false},"excerpt":{"rendered":"<p>&nbsp; En la actualidad, unos 27 casos por d\u00eda, de <a href=\"https:\/\/sertv.gob.pa\/nacionalfm\/capacitan-al-personal-de-policlinica-pablo-espinosa-j-sobre-el-embarazo-en-las-adolescentes\/\"> [&#8230;]<\/a><\/p>\n","protected":false},"author":9,"featured_media":39342,"comment_status":"closed","ping_status":"closed","sticky":false,"template":"","format":"standard","meta":{"footnotes":""},"categories":[5],"tags":[],"class_list":["post-39341","post","type-post","status-publish","format-standard","has-post-thumbnail","hentry","category-salud"],"_links":{"self":[{"href":"https:\/\/sertv.gob.pa\/nacionalfm\/wp-json\/wp\/v2\/posts\/39341","targetHints":{"allow":["GET"]}}],"collection":[{"href":"https:\/\/sertv.gob.pa\/nacionalfm\/wp-json\/wp\/v2\/posts"}],"about":[{"href":"https:\/\/sertv.gob.pa\/nacionalfm\/wp-json\/wp\/v2\/types\/post"}],"author":[{"embeddable":true,"href":"https:\/\/sertv.gob.pa\/nacionalfm\/wp-json\/wp\/v2\/users\/9"}],"replies":[{"embeddable":true,"href":"https:\/\/sertv.gob.pa\/nacionalfm\/wp-json\/wp\/v2\/comments?post=39341"}],"version-history":[{"count":1,"href":"https:\/\/sertv.gob.pa\/nacionalfm\/wp-json\/wp\/v2\/posts\/39341\/revisions"}],"predecessor-version":[{"id":39343,"href":"https:\/\/sertv.gob.pa\/nacionalfm\/wp-json\/wp\/v2\/posts\/39341\/revisions\/39343"}],"wp:featuredmedia":[{"embeddable":true,"href":"https:\/\/sertv.gob.pa\/nacionalfm\/wp-json\/wp\/v2\/media\/39342"}],"wp:attachment":[{"href":"https:\/\/sertv.gob.pa\/nacionalfm\/wp-json\/wp\/v2\/media?parent=39341"}],"wp:term":[{"taxonomy":"category","embeddable":true,"href":"https:\/\/sertv.gob.pa\/nacionalfm\/wp-json\/wp\/v2\/categories?post=39341"},{"taxonomy":"post_tag","embeddable":true,"href":"https:\/\/sertv.gob.pa\/nacionalfm\/wp-json\/wp\/v2\/tags?post=39341"}],"curies":[{"name":"wp","href":"https:\/\/api.w.org\/{rel}","templated":true}]}}