{"id":3937,"date":"2015-02-11T05:00:00","date_gmt":"2015-02-11T05:00:00","guid":{"rendered":""},"modified":"2015-02-11T05:00:00","modified_gmt":"2015-02-11T05:00:00","slug":"agua-del-rio-la-villa-es-apta-para-el-consumo-humano","status":"publish","type":"post","link":"https:\/\/sertv.gob.pa\/nacionalfm\/agua-del-rio-la-villa-es-apta-para-el-consumo-humano\/","title":{"rendered":"Agua del r\u00edo La Villa es apta para el consumo humano"},"content":{"rendered":"<p>\nLourdes Garc\u00eda, jefa de Epidemolog\u00eda del Ministerio de Salud, asegur\u00f3 que el agua que proviene del r\u00edo La Villa es apta para el consumo humano, seg\u00fan los \u00faltimos an\u00e1lisis realizados. <\/p>\n<p>Garc\u00eda afirm\u00f3 que los pobladores de la pen\u00ednsula de Azuero \u00a0no deben temer al consumir el agua del grifo, ya que las autoridades del Minsa, Autoridad del Ambiente e Instituto de Acueductos y Alcantarillados (IDAAN) mantienen un monitoreo constante en el r\u00edo La Villa, luego de la crisis de contaminaci\u00f3n por atrazina que se report\u00f3 hace 7 meses. <\/p>\n<p>Garc\u00eda a\u00f1adi\u00f3 que de presentarse niveles altos de contaminaci\u00f3n en r\u00edo La Villa, el Ministerio de Salud de forma inmediata y responsablemente lo comunicar\u00e1 a la poblaci\u00f3n para tomar acciones. <\/p>\n<p>Insisti\u00f3 que el agua es saludable y que se puede consumir con toda confianza. Sin embargo, una parte de la poblaci\u00f3n de Azuero todav\u00eda mantiene desconfianza sobre la calidad de agua y prefieren comprar agua embotellada. <\/p>\n<p>\u00a0 <\/p>\n","protected":false},"excerpt":{"rendered":"<p>Lourdes Garc\u00eda, jefa de Epidemolog\u00eda del Ministerio de Salud, asegur\u00f3 <a href=\"https:\/\/sertv.gob.pa\/nacionalfm\/agua-del-rio-la-villa-es-apta-para-el-consumo-humano\/\"> [&#8230;]<\/a><\/p>\n","protected":false},"author":1,"featured_media":3938,"comment_status":"closed","ping_status":"closed","sticky":false,"template":"","format":"standard","meta":{"footnotes":""},"categories":[5],"tags":[],"class_list":["post-3937","post","type-post","status-publish","format-standard","has-post-thumbnail","hentry","category-salud"],"_links":{"self":[{"href":"https:\/\/sertv.gob.pa\/nacionalfm\/wp-json\/wp\/v2\/posts\/3937","targetHints":{"allow":["GET"]}}],"collection":[{"href":"https:\/\/sertv.gob.pa\/nacionalfm\/wp-json\/wp\/v2\/posts"}],"about":[{"href":"https:\/\/sertv.gob.pa\/nacionalfm\/wp-json\/wp\/v2\/types\/post"}],"author":[{"embeddable":true,"href":"https:\/\/sertv.gob.pa\/nacionalfm\/wp-json\/wp\/v2\/users\/1"}],"replies":[{"embeddable":true,"href":"https:\/\/sertv.gob.pa\/nacionalfm\/wp-json\/wp\/v2\/comments?post=3937"}],"version-history":[{"count":0,"href":"https:\/\/sertv.gob.pa\/nacionalfm\/wp-json\/wp\/v2\/posts\/3937\/revisions"}],"wp:featuredmedia":[{"embeddable":true,"href":"https:\/\/sertv.gob.pa\/nacionalfm\/wp-json\/wp\/v2\/media\/3938"}],"wp:attachment":[{"href":"https:\/\/sertv.gob.pa\/nacionalfm\/wp-json\/wp\/v2\/media?parent=3937"}],"wp:term":[{"taxonomy":"category","embeddable":true,"href":"https:\/\/sertv.gob.pa\/nacionalfm\/wp-json\/wp\/v2\/categories?post=3937"},{"taxonomy":"post_tag","embeddable":true,"href":"https:\/\/sertv.gob.pa\/nacionalfm\/wp-json\/wp\/v2\/tags?post=3937"}],"curies":[{"name":"wp","href":"https:\/\/api.w.org\/{rel}","templated":true}]}}