{"id":3945,"date":"2015-02-11T05:00:00","date_gmt":"2015-02-11T05:00:00","guid":{"rendered":""},"modified":"2015-02-11T05:00:00","modified_gmt":"2015-02-11T05:00:00","slug":"brasil-registra-un-incremento-del-50-en-casos-de-dengue","status":"publish","type":"post","link":"https:\/\/sertv.gob.pa\/nacionalfm\/brasil-registra-un-incremento-del-50-en-casos-de-dengue\/","title":{"rendered":"Brasil registra un incremento del 50% en casos de dengue"},"content":{"rendered":"<p>\nAutoridades sanitarias aseguran que el aumento se debe a la prolongada sequ\u00eda en los estados del sur del pa\u00eds, altamente poblados. <\/p>\n<p>Han reportado que una de las causas espec\u00edficas para el contagio es que la gente almacena agua inadecuadamente, en recipientes abiertos que permiten que los mosquitos se reproduzcan. <\/p>\n<p>Representantes del Gobierno manifestaron que la mitad de los 40.000 casos de dengue registrados hasta enero de este a\u00f1o fueron reportados en el sur del territorio. No obstante, aclar\u00f3 que las muertes a causa de la enfermedad han ca\u00eddo. <\/p>\n<p>\u00a0 <\/p>\n","protected":false},"excerpt":{"rendered":"<p>Autoridades sanitarias aseguran que el aumento se debe a la <a href=\"https:\/\/sertv.gob.pa\/nacionalfm\/brasil-registra-un-incremento-del-50-en-casos-de-dengue\/\"> [&#8230;]<\/a><\/p>\n","protected":false},"author":1,"featured_media":3946,"comment_status":"closed","ping_status":"closed","sticky":false,"template":"","format":"standard","meta":{"footnotes":""},"categories":[5],"tags":[],"class_list":["post-3945","post","type-post","status-publish","format-standard","has-post-thumbnail","hentry","category-salud"],"_links":{"self":[{"href":"https:\/\/sertv.gob.pa\/nacionalfm\/wp-json\/wp\/v2\/posts\/3945","targetHints":{"allow":["GET"]}}],"collection":[{"href":"https:\/\/sertv.gob.pa\/nacionalfm\/wp-json\/wp\/v2\/posts"}],"about":[{"href":"https:\/\/sertv.gob.pa\/nacionalfm\/wp-json\/wp\/v2\/types\/post"}],"author":[{"embeddable":true,"href":"https:\/\/sertv.gob.pa\/nacionalfm\/wp-json\/wp\/v2\/users\/1"}],"replies":[{"embeddable":true,"href":"https:\/\/sertv.gob.pa\/nacionalfm\/wp-json\/wp\/v2\/comments?post=3945"}],"version-history":[{"count":0,"href":"https:\/\/sertv.gob.pa\/nacionalfm\/wp-json\/wp\/v2\/posts\/3945\/revisions"}],"wp:featuredmedia":[{"embeddable":true,"href":"https:\/\/sertv.gob.pa\/nacionalfm\/wp-json\/wp\/v2\/media\/3946"}],"wp:attachment":[{"href":"https:\/\/sertv.gob.pa\/nacionalfm\/wp-json\/wp\/v2\/media?parent=3945"}],"wp:term":[{"taxonomy":"category","embeddable":true,"href":"https:\/\/sertv.gob.pa\/nacionalfm\/wp-json\/wp\/v2\/categories?post=3945"},{"taxonomy":"post_tag","embeddable":true,"href":"https:\/\/sertv.gob.pa\/nacionalfm\/wp-json\/wp\/v2\/tags?post=3945"}],"curies":[{"name":"wp","href":"https:\/\/api.w.org\/{rel}","templated":true}]}}