{"id":3947,"date":"2015-02-11T05:00:00","date_gmt":"2015-02-11T05:00:00","guid":{"rendered":""},"modified":"2015-02-11T05:00:00","modified_gmt":"2015-02-11T05:00:00","slug":"la-insulina-inteligente-evitara-los-pinchazos-a-los-diabeticos","status":"publish","type":"post","link":"https:\/\/sertv.gob.pa\/nacionalfm\/la-insulina-inteligente-evitara-los-pinchazos-a-los-diabeticos\/","title":{"rendered":"La insulina inteligente evitar\u00e1 los pinchazos a los diab\u00e9ticos"},"content":{"rendered":"<p>\nLos cient\u00edficos creen que insulinas \u00abinteligentes\u00bb, que est\u00e1n en fase de ensayo, revolucionar\u00e1n la manera en la que se trata la diabetes. <\/p>\n<p>En lugar de los an\u00e1lisis de sangre y las inyecciones a los que se someten los diab\u00e9ticos todos los d\u00edas para mantener el nivel de az\u00facar en la sangre bajo control, una sola dosis de insulina inteligente estar\u00eda en circulaci\u00f3n en el cuerpo y se activar\u00eda cuando fuera necesaria. <\/p>\n<p>Los estudios en animales muestran que la tecnolog\u00eda funciona, al menos en ratones.<\/p>\n<p>Los cient\u00edficos planean comenzar \u00a0pronto los ensayos en humanos, informa la revista  Proceedings of the National Academy of Sciences  de Estados Unidos. <\/p>\n<p>Los expertos advierten que tomar\u00e1 a\u00f1os de pruebas antes de que los tratamientos puedan convertirse en una realidad para los pacientes. <\/p>\n<p>\u00a0 <\/p>\n","protected":false},"excerpt":{"rendered":"<p>Los cient\u00edficos creen que insulinas \u00abinteligentes\u00bb, que est\u00e1n en fase <a href=\"https:\/\/sertv.gob.pa\/nacionalfm\/la-insulina-inteligente-evitara-los-pinchazos-a-los-diabeticos\/\"> [&#8230;]<\/a><\/p>\n","protected":false},"author":1,"featured_media":3948,"comment_status":"closed","ping_status":"closed","sticky":false,"template":"","format":"standard","meta":{"footnotes":""},"categories":[5],"tags":[],"class_list":["post-3947","post","type-post","status-publish","format-standard","has-post-thumbnail","hentry","category-salud"],"_links":{"self":[{"href":"https:\/\/sertv.gob.pa\/nacionalfm\/wp-json\/wp\/v2\/posts\/3947","targetHints":{"allow":["GET"]}}],"collection":[{"href":"https:\/\/sertv.gob.pa\/nacionalfm\/wp-json\/wp\/v2\/posts"}],"about":[{"href":"https:\/\/sertv.gob.pa\/nacionalfm\/wp-json\/wp\/v2\/types\/post"}],"author":[{"embeddable":true,"href":"https:\/\/sertv.gob.pa\/nacionalfm\/wp-json\/wp\/v2\/users\/1"}],"replies":[{"embeddable":true,"href":"https:\/\/sertv.gob.pa\/nacionalfm\/wp-json\/wp\/v2\/comments?post=3947"}],"version-history":[{"count":0,"href":"https:\/\/sertv.gob.pa\/nacionalfm\/wp-json\/wp\/v2\/posts\/3947\/revisions"}],"wp:featuredmedia":[{"embeddable":true,"href":"https:\/\/sertv.gob.pa\/nacionalfm\/wp-json\/wp\/v2\/media\/3948"}],"wp:attachment":[{"href":"https:\/\/sertv.gob.pa\/nacionalfm\/wp-json\/wp\/v2\/media?parent=3947"}],"wp:term":[{"taxonomy":"category","embeddable":true,"href":"https:\/\/sertv.gob.pa\/nacionalfm\/wp-json\/wp\/v2\/categories?post=3947"},{"taxonomy":"post_tag","embeddable":true,"href":"https:\/\/sertv.gob.pa\/nacionalfm\/wp-json\/wp\/v2\/tags?post=3947"}],"curies":[{"name":"wp","href":"https:\/\/api.w.org\/{rel}","templated":true}]}}