{"id":3963,"date":"2015-02-12T05:00:00","date_gmt":"2015-02-12T05:00:00","guid":{"rendered":""},"modified":"2015-02-12T05:00:00","modified_gmt":"2015-02-12T05:00:00","slug":"deficit-de-medicos-en-el-pais-en-analisis","status":"publish","type":"post","link":"https:\/\/sertv.gob.pa\/nacionalfm\/deficit-de-medicos-en-el-pais-en-analisis\/","title":{"rendered":"D\u00e9ficit de m\u00e9dicos en el pa\u00eds en an\u00e1lisis"},"content":{"rendered":"<p>\nEl d\u00e9ficit de m\u00e9dicos en el pa\u00eds es un problema que mantiene inquietas a las autoridades de Salud. <\/p>\n<p>El titular de Salud, Francisco Javier Terrientes, precis\u00f3 que se requieren 5 mil profesionales para cubrir las necesidades de las \u00e1reas apartadas y urbano-marginales. Datos del Ministerio de Salud (Minsa) registran que en Panam\u00e1 hay 6 mil 25 galenos. <\/p>\n<p>Dio a conocer que la situaci\u00f3n se da porque en los \u00faltimos 15 a\u00f1os no se form\u00f3 la cantidad de m\u00e9dicos que se requer\u00eda. Por ello, uno de los planes es preparar a 330 de estos profesionales. <\/p>\n<p>Para ese fin, el Minsa cuenta con la colaboraci\u00f3n del Instituto para la Formaci\u00f3n de los Recursos Humanos, de la Secretar\u00eda Nacional de Ciencia y Tecnolog\u00eda y la Caja de Seguro Social. <\/p>\n<p>Terrientes a\u00f1adi\u00f3 que se busca dotar a la poblaci\u00f3n de una atenci\u00f3n de calidad, no solo en la capital, sino en las zonas m\u00e1s apartadas del pa\u00eds. <\/p>\n<p>\u00a0 <\/p>\n","protected":false},"excerpt":{"rendered":"<p>El d\u00e9ficit de m\u00e9dicos en el pa\u00eds es un problema <a href=\"https:\/\/sertv.gob.pa\/nacionalfm\/deficit-de-medicos-en-el-pais-en-analisis\/\"> [&#8230;]<\/a><\/p>\n","protected":false},"author":1,"featured_media":3964,"comment_status":"closed","ping_status":"closed","sticky":false,"template":"","format":"standard","meta":{"footnotes":""},"categories":[5],"tags":[],"class_list":["post-3963","post","type-post","status-publish","format-standard","has-post-thumbnail","hentry","category-salud"],"_links":{"self":[{"href":"https:\/\/sertv.gob.pa\/nacionalfm\/wp-json\/wp\/v2\/posts\/3963","targetHints":{"allow":["GET"]}}],"collection":[{"href":"https:\/\/sertv.gob.pa\/nacionalfm\/wp-json\/wp\/v2\/posts"}],"about":[{"href":"https:\/\/sertv.gob.pa\/nacionalfm\/wp-json\/wp\/v2\/types\/post"}],"author":[{"embeddable":true,"href":"https:\/\/sertv.gob.pa\/nacionalfm\/wp-json\/wp\/v2\/users\/1"}],"replies":[{"embeddable":true,"href":"https:\/\/sertv.gob.pa\/nacionalfm\/wp-json\/wp\/v2\/comments?post=3963"}],"version-history":[{"count":0,"href":"https:\/\/sertv.gob.pa\/nacionalfm\/wp-json\/wp\/v2\/posts\/3963\/revisions"}],"wp:featuredmedia":[{"embeddable":true,"href":"https:\/\/sertv.gob.pa\/nacionalfm\/wp-json\/wp\/v2\/media\/3964"}],"wp:attachment":[{"href":"https:\/\/sertv.gob.pa\/nacionalfm\/wp-json\/wp\/v2\/media?parent=3963"}],"wp:term":[{"taxonomy":"category","embeddable":true,"href":"https:\/\/sertv.gob.pa\/nacionalfm\/wp-json\/wp\/v2\/categories?post=3963"},{"taxonomy":"post_tag","embeddable":true,"href":"https:\/\/sertv.gob.pa\/nacionalfm\/wp-json\/wp\/v2\/tags?post=3963"}],"curies":[{"name":"wp","href":"https:\/\/api.w.org\/{rel}","templated":true}]}}