{"id":39639,"date":"2019-06-13T14:06:42","date_gmt":"2019-06-13T14:06:42","guid":{"rendered":"https:\/\/sertv.gob.pa\/nacionalfm\/?p=39639"},"modified":"2019-06-13T14:06:42","modified_gmt":"2019-06-13T14:06:42","slug":"gobierno-panameno-entrega-mas-apartamentos-del-proyecto-altos-de-los-lagos-en-colon","status":"publish","type":"post","link":"https:\/\/sertv.gob.pa\/nacionalfm\/gobierno-panameno-entrega-mas-apartamentos-del-proyecto-altos-de-los-lagos-en-colon\/","title":{"rendered":"Gobierno paname\u00f1o entrega m\u00e1s apartamentos del proyecto Altos de Los Lagos, en Col\u00f3n"},"content":{"rendered":"<p>Cerca de 26 mil 900 personas habitan en el proyecto Alto de Los Lagos en los 5,010 apartamentos entregados por el presidente de la Rep\u00fablica de Panam\u00e1, Juan Carlos Varela, con los que cumpli\u00f3 su compromiso de dotar \u2013durante su administraci\u00f3n- de cinco mil nuevos hogares a las familias colonenses.<\/p>\n<p>En este sentido, el mi\u00e9rcoles, 12 de junio, el presidente Varela, entreg\u00f3 420 nuevos apartamentos en Altos de Los Lagos, con los que complet\u00f3 la cifra pactada para este quinquenio y tambi\u00e9n puso en marcha la segunda fase del proyecto habitacional, en la que se construir\u00e1n 1,620 apartamentos adicionales.<\/p>\n<p>\u00abHoy es un d\u00eda muy especial, culminamos con la entrega de todos los apartamentos y me siento satisfecho porque los ni\u00f1os de Altos de Los Lagos tienen una mejor calidad de vida, una casa segura, sana, donde pueden vivir tranquilos, con \u00e1reas comunes para jugar y divertirse, en comunidad\u00bb, pronunci\u00f3 Varela, ante cientos de familias beneficiadas que le agradec\u00edan por esta obra.<\/p>\n<p>\u00abPocos creyeron en mi propuesta de campa\u00f1a y menos que nuestra administraci\u00f3n ser\u00eda capaz de llevar adelante uno de los proyectos m\u00e1s grandes en la historia de la provincia de Col\u00f3n y del pa\u00eds, por eso me siento honrado de formar parte de este gran cambio para Col\u00f3n, en donde miles de familias ya tienen un hogar seguro, ya no habr\u00e1 m\u00e1s ni\u00f1os jugando cerca de aguas servidas, en caserones inseguros\u00bb, recalc\u00f3.<\/p>\n<p>Sin embargo, advirti\u00f3 que el objetivo de la renovaci\u00f3n urbana de Col\u00f3n no se cumplir\u00e1 si los colonenses no se integran y lo defienden, por ello les pidi\u00f3 hacer un cambio de actitud, comprender que esta inversi\u00f3n del Estado, es un sacrificio que hacen todos los paname\u00f1os para ofrecer a los colonenses la posibilidad de reanudar una nueva etapa que beneficiar\u00e1 personalmente a cada uno y colectivamente a Col\u00f3n y al pa\u00eds.<\/p>\n<p>Varela, quien estuvo acompa\u00f1ado por el ministro de Vivienda y Ordenamiento Territorial, Mart\u00edn Sucre Champsaur, agradeci\u00f3 a Dios por darle fuerza y la direcci\u00f3n para llevar adelante esta obra y volver a Col\u00f3n y ver la buena semilla sembrada en estas familias.<\/p>\n<p>Alto de Los Lagos, con su ampliaci\u00f3n, contar\u00e1 con 6,630 apartamentos que reemplazan las viejas casas de madera y cemento condenadas en el centro de Col\u00f3n que ahora son parte de una renovaci\u00f3n y rescate de esas estructuras. Esta nueva obra tendr\u00e1 un costo de 11 millones de balboa y contar\u00e1 con 54 torres con 1,620 apartamentos adicionales, en beneficio de unas 8 mil familias m\u00e1s.<\/p>\n<p>La visi\u00f3n del Presidente, al desarrollar Altos de Los Lagos, fue brindar a las familias, un ambiente que les permite tener otro estilo de vida, con la integraci\u00f3n de cada ciudadano y el compromiso de cambio de actitud y deseos de superaci\u00f3n, entreg\u00e1ndoles una nueva forma de vida con un proyecto que tiene todos los servicios b\u00e1sicos y de seguridad.<\/p>\n<p>El 12 de octubre de 2015, el presidente Varela puso en marcha el proyecto Renovaci\u00f3n Urbana que ha transformado la vida de los colonenses, con m\u00e1s de 200,000 beneficiados a trav\u00e9s de viviendas dignas, acceso a agua potable, sanidad, servicios y espacios p\u00fablicos de calidad. Actualmente, el proyecto muestra un avance global de 99% en 2 etapas; en Alto de Los Lagos se construyeron 167 edificios con 99% de avance, mientras los trabajos de renovaci\u00f3n en el centro de Col\u00f3n, 96.70%.<\/p>\n<p>Desde horas m\u00e1s temprano, chicos y grandes pudieron disfrutar de una tarde familiar y cultural, con regalos y presentaciones art\u00edsticas.<\/p>\n<p><strong>Generalidad de la novena entrega<\/strong><\/p>\n<p>Esta novena etapa comprende 14 edificios, con apartamentos que tienen sala-comedor, ba\u00f1o, cocina y \u00e1rea de lavander\u00eda.<\/p>\n<p>Son 420 apartamentos, distribuidos en ocho edificios tipo H, de tres rec\u00e1maras, y seis edificios tipo L, de dos rec\u00e1maras; de este total, 84 est\u00e1n adecuados para personas con discapacidad y adultos mayores que presentan movilidad reducida. Igual que en etapas anteriores, \u00e9sta cuenta con una cancha multiusos, una cancha de f\u00fatbol, parques vecinales y estacionamientos.<\/p>\n<p>El proyecto Renovaci\u00f3n Urbana de Col\u00f3n &#8211; Integraci\u00f3n humana establece la construcci\u00f3n de viviendas, centros de salud, escuelas, complejos deportivos, sistema de alcantarillado, restauraci\u00f3n de edificios hist\u00f3ricos, acompa\u00f1ado de programas sociales y seguridad.<\/p>\n","protected":false},"excerpt":{"rendered":"<p>Cerca de 26 mil 900 personas habitan en el proyecto <a href=\"https:\/\/sertv.gob.pa\/nacionalfm\/gobierno-panameno-entrega-mas-apartamentos-del-proyecto-altos-de-los-lagos-en-colon\/\"> [&#8230;]<\/a><\/p>\n","protected":false},"author":9,"featured_media":39640,"comment_status":"closed","ping_status":"closed","sticky":false,"template":"","format":"standard","meta":{"footnotes":""},"categories":[2],"tags":[],"class_list":["post-39639","post","type-post","status-publish","format-standard","has-post-thumbnail","hentry","category-nacionales"],"_links":{"self":[{"href":"https:\/\/sertv.gob.pa\/nacionalfm\/wp-json\/wp\/v2\/posts\/39639","targetHints":{"allow":["GET"]}}],"collection":[{"href":"https:\/\/sertv.gob.pa\/nacionalfm\/wp-json\/wp\/v2\/posts"}],"about":[{"href":"https:\/\/sertv.gob.pa\/nacionalfm\/wp-json\/wp\/v2\/types\/post"}],"author":[{"embeddable":true,"href":"https:\/\/sertv.gob.pa\/nacionalfm\/wp-json\/wp\/v2\/users\/9"}],"replies":[{"embeddable":true,"href":"https:\/\/sertv.gob.pa\/nacionalfm\/wp-json\/wp\/v2\/comments?post=39639"}],"version-history":[{"count":1,"href":"https:\/\/sertv.gob.pa\/nacionalfm\/wp-json\/wp\/v2\/posts\/39639\/revisions"}],"predecessor-version":[{"id":39641,"href":"https:\/\/sertv.gob.pa\/nacionalfm\/wp-json\/wp\/v2\/posts\/39639\/revisions\/39641"}],"wp:featuredmedia":[{"embeddable":true,"href":"https:\/\/sertv.gob.pa\/nacionalfm\/wp-json\/wp\/v2\/media\/39640"}],"wp:attachment":[{"href":"https:\/\/sertv.gob.pa\/nacionalfm\/wp-json\/wp\/v2\/media?parent=39639"}],"wp:term":[{"taxonomy":"category","embeddable":true,"href":"https:\/\/sertv.gob.pa\/nacionalfm\/wp-json\/wp\/v2\/categories?post=39639"},{"taxonomy":"post_tag","embeddable":true,"href":"https:\/\/sertv.gob.pa\/nacionalfm\/wp-json\/wp\/v2\/tags?post=39639"}],"curies":[{"name":"wp","href":"https:\/\/api.w.org\/{rel}","templated":true}]}}