{"id":3971,"date":"2015-02-12T05:00:00","date_gmt":"2015-02-12T05:00:00","guid":{"rendered":""},"modified":"2015-02-12T05:00:00","modified_gmt":"2015-02-12T05:00:00","slug":"a-traves-de-iphone-diagnostican-vih-y-sifilis","status":"publish","type":"post","link":"https:\/\/sertv.gob.pa\/nacionalfm\/a-traves-de-iphone-diagnostican-vih-y-sifilis\/","title":{"rendered":"A trav\u00e9s de iPhone diagnostican VIH y s\u00edfilis"},"content":{"rendered":"<p>\nUn estudio en la revista Science Translation Medicine revela que un laboratorio miniatura, sumado a un tel\u00e9fono inteligente, puede efectuar pruebas de diagn\u00f3stico r\u00e1pido para el Virus de Inmunodeficiencia Humana y s\u00edfilis. <\/p>\n<p>El dispositivo fue creado por Tassaneewan Laksanasopin, especialista de la Universidad de Columbia, y ha sido probado exitosamente en Ruanda, al imitar el ensayo por inmunoabsorci\u00f3n ligado a enzimas (ELISA, por sus siglas en ingl\u00e9s). <\/p>\n<p>Se trata de un equipo formado por un casete microflu\u00eddico, que funciona al conectarse a un tel\u00e9fono inteligente. <\/p>\n<p>&lsquo;Este trabajo demuestra que un laboratorio completo de alta calidad puede ser activado con un accesorio del tel\u00e9fono inteligente. Adem\u00e1s, no requiere de energ\u00eda adicional a la contenida en el smartphone &rsquo;, precis\u00f3 el investigador. <\/p>\n<p>\u00a0 <\/p>\n","protected":false},"excerpt":{"rendered":"<p>Un estudio en la revista Science Translation Medicine revela que <a href=\"https:\/\/sertv.gob.pa\/nacionalfm\/a-traves-de-iphone-diagnostican-vih-y-sifilis\/\"> [&#8230;]<\/a><\/p>\n","protected":false},"author":1,"featured_media":3972,"comment_status":"closed","ping_status":"closed","sticky":false,"template":"","format":"standard","meta":{"footnotes":""},"categories":[5],"tags":[],"class_list":["post-3971","post","type-post","status-publish","format-standard","has-post-thumbnail","hentry","category-salud"],"_links":{"self":[{"href":"https:\/\/sertv.gob.pa\/nacionalfm\/wp-json\/wp\/v2\/posts\/3971","targetHints":{"allow":["GET"]}}],"collection":[{"href":"https:\/\/sertv.gob.pa\/nacionalfm\/wp-json\/wp\/v2\/posts"}],"about":[{"href":"https:\/\/sertv.gob.pa\/nacionalfm\/wp-json\/wp\/v2\/types\/post"}],"author":[{"embeddable":true,"href":"https:\/\/sertv.gob.pa\/nacionalfm\/wp-json\/wp\/v2\/users\/1"}],"replies":[{"embeddable":true,"href":"https:\/\/sertv.gob.pa\/nacionalfm\/wp-json\/wp\/v2\/comments?post=3971"}],"version-history":[{"count":0,"href":"https:\/\/sertv.gob.pa\/nacionalfm\/wp-json\/wp\/v2\/posts\/3971\/revisions"}],"wp:featuredmedia":[{"embeddable":true,"href":"https:\/\/sertv.gob.pa\/nacionalfm\/wp-json\/wp\/v2\/media\/3972"}],"wp:attachment":[{"href":"https:\/\/sertv.gob.pa\/nacionalfm\/wp-json\/wp\/v2\/media?parent=3971"}],"wp:term":[{"taxonomy":"category","embeddable":true,"href":"https:\/\/sertv.gob.pa\/nacionalfm\/wp-json\/wp\/v2\/categories?post=3971"},{"taxonomy":"post_tag","embeddable":true,"href":"https:\/\/sertv.gob.pa\/nacionalfm\/wp-json\/wp\/v2\/tags?post=3971"}],"curies":[{"name":"wp","href":"https:\/\/api.w.org\/{rel}","templated":true}]}}