{"id":3973,"date":"2015-02-12T05:00:00","date_gmt":"2015-02-12T05:00:00","guid":{"rendered":""},"modified":"2015-02-12T05:00:00","modified_gmt":"2015-02-12T05:00:00","slug":"cuarto-de-urgencia-del-hst-ha-sido-reforzado-por-carnaval","status":"publish","type":"post","link":"https:\/\/sertv.gob.pa\/nacionalfm\/cuarto-de-urgencia-del-hst-ha-sido-reforzado-por-carnaval\/","title":{"rendered":"Cuarto de urgencia del HST  ha sido reforzado por carnaval"},"content":{"rendered":"<p>\nEl Hospital Santo Tom\u00e1s ha declarado una alerta verde por motivo de la fiesta de carnaval, que empieza ma\u00f1ana y concluir\u00e1 el pr\u00f3ximo martes en horas de la madrugada. <\/p>\n<p>Personal m\u00e9dico, espec\u00edficamente del Cuarto de Urgencia, se halla preparado para la atenci\u00f3n de pacientes durante los cuatro d\u00edas del jolgorio. <\/p>\n<p>Unos 10 m\u00e9dicos adicionales por turno es parte de las medidas asumidas por parte de la direcci\u00f3n de este nosocomio. <\/p>\n<p>Los encargados del Cuarto de Urgencias dieron a conocer que la mayor\u00eda de las atenciones durante la fecha son casos por traumas producto de accidentes de tr\u00e1nsito y ri\u00f1as. <\/p>\n<p>\u00a0 <\/p>\n","protected":false},"excerpt":{"rendered":"<p>El Hospital Santo Tom\u00e1s ha declarado una alerta verde por <a href=\"https:\/\/sertv.gob.pa\/nacionalfm\/cuarto-de-urgencia-del-hst-ha-sido-reforzado-por-carnaval\/\"> [&#8230;]<\/a><\/p>\n","protected":false},"author":1,"featured_media":3974,"comment_status":"closed","ping_status":"closed","sticky":false,"template":"","format":"standard","meta":{"footnotes":""},"categories":[5],"tags":[],"class_list":["post-3973","post","type-post","status-publish","format-standard","has-post-thumbnail","hentry","category-salud"],"_links":{"self":[{"href":"https:\/\/sertv.gob.pa\/nacionalfm\/wp-json\/wp\/v2\/posts\/3973","targetHints":{"allow":["GET"]}}],"collection":[{"href":"https:\/\/sertv.gob.pa\/nacionalfm\/wp-json\/wp\/v2\/posts"}],"about":[{"href":"https:\/\/sertv.gob.pa\/nacionalfm\/wp-json\/wp\/v2\/types\/post"}],"author":[{"embeddable":true,"href":"https:\/\/sertv.gob.pa\/nacionalfm\/wp-json\/wp\/v2\/users\/1"}],"replies":[{"embeddable":true,"href":"https:\/\/sertv.gob.pa\/nacionalfm\/wp-json\/wp\/v2\/comments?post=3973"}],"version-history":[{"count":0,"href":"https:\/\/sertv.gob.pa\/nacionalfm\/wp-json\/wp\/v2\/posts\/3973\/revisions"}],"wp:featuredmedia":[{"embeddable":true,"href":"https:\/\/sertv.gob.pa\/nacionalfm\/wp-json\/wp\/v2\/media\/3974"}],"wp:attachment":[{"href":"https:\/\/sertv.gob.pa\/nacionalfm\/wp-json\/wp\/v2\/media?parent=3973"}],"wp:term":[{"taxonomy":"category","embeddable":true,"href":"https:\/\/sertv.gob.pa\/nacionalfm\/wp-json\/wp\/v2\/categories?post=3973"},{"taxonomy":"post_tag","embeddable":true,"href":"https:\/\/sertv.gob.pa\/nacionalfm\/wp-json\/wp\/v2\/tags?post=3973"}],"curies":[{"name":"wp","href":"https:\/\/api.w.org\/{rel}","templated":true}]}}