{"id":3983,"date":"2015-02-13T05:00:00","date_gmt":"2015-02-13T05:00:00","guid":{"rendered":""},"modified":"2015-02-13T05:00:00","modified_gmt":"2015-02-13T05:00:00","slug":"prevencion-del-vih-durante-el-carnaval","status":"publish","type":"post","link":"https:\/\/sertv.gob.pa\/nacionalfm\/prevencion-del-vih-durante-el-carnaval\/","title":{"rendered":"Prevenci\u00f3n del VIH durante el Carnaval"},"content":{"rendered":"<p>\nLa Cinta Roja Empresarial y Sumarse han lanzado una campa\u00f1a de sensibilizaci\u00f3n empresarial sobre prevenci\u00f3n y no discriminaci\u00f3n por VIH, con el apoyo de 97 empresas (entre las que est\u00e1 Corporaci\u00f3n La Prensa) y organismos que la apoyan.\u00a0 <\/p>\n<p>Teresa de Alfaro, directora ejecutiva de Sumarse, afirma que la campa\u00f1a busca informar m\u00e1s a los colaboradores sobre la infecci\u00f3n y prevenci\u00f3n del VIH en una \u00e9poca de alto riesgo como son los d\u00edas de Carnaval, as\u00ed como informar y sensibilizar a directivos y ejecutivos de empresas sobre la prevalencia del virus en el pa\u00eds, y la necesidad de generar pol\u00edticas de prevenci\u00f3n y no discriminaci\u00f3n y confidencialidad de la prueba en las empresas. \u00a0 <\/p>\n<p>A\u00f1ade que dicha campa\u00f1a impacta a alrededor de 50 mil colaboradores de las compa\u00f1\u00edas y organizaciones participantes, de forma que se logren romper mitos y tab\u00faes existentes sobre el virus. \u00a0 <\/p>\n<p>\u00a0 <\/p>\n","protected":false},"excerpt":{"rendered":"<p>La Cinta Roja Empresarial y Sumarse han lanzado una campa\u00f1a <a href=\"https:\/\/sertv.gob.pa\/nacionalfm\/prevencion-del-vih-durante-el-carnaval\/\"> [&#8230;]<\/a><\/p>\n","protected":false},"author":1,"featured_media":3984,"comment_status":"closed","ping_status":"closed","sticky":false,"template":"","format":"standard","meta":{"footnotes":""},"categories":[5],"tags":[],"class_list":["post-3983","post","type-post","status-publish","format-standard","has-post-thumbnail","hentry","category-salud"],"_links":{"self":[{"href":"https:\/\/sertv.gob.pa\/nacionalfm\/wp-json\/wp\/v2\/posts\/3983","targetHints":{"allow":["GET"]}}],"collection":[{"href":"https:\/\/sertv.gob.pa\/nacionalfm\/wp-json\/wp\/v2\/posts"}],"about":[{"href":"https:\/\/sertv.gob.pa\/nacionalfm\/wp-json\/wp\/v2\/types\/post"}],"author":[{"embeddable":true,"href":"https:\/\/sertv.gob.pa\/nacionalfm\/wp-json\/wp\/v2\/users\/1"}],"replies":[{"embeddable":true,"href":"https:\/\/sertv.gob.pa\/nacionalfm\/wp-json\/wp\/v2\/comments?post=3983"}],"version-history":[{"count":0,"href":"https:\/\/sertv.gob.pa\/nacionalfm\/wp-json\/wp\/v2\/posts\/3983\/revisions"}],"wp:featuredmedia":[{"embeddable":true,"href":"https:\/\/sertv.gob.pa\/nacionalfm\/wp-json\/wp\/v2\/media\/3984"}],"wp:attachment":[{"href":"https:\/\/sertv.gob.pa\/nacionalfm\/wp-json\/wp\/v2\/media?parent=3983"}],"wp:term":[{"taxonomy":"category","embeddable":true,"href":"https:\/\/sertv.gob.pa\/nacionalfm\/wp-json\/wp\/v2\/categories?post=3983"},{"taxonomy":"post_tag","embeddable":true,"href":"https:\/\/sertv.gob.pa\/nacionalfm\/wp-json\/wp\/v2\/tags?post=3983"}],"curies":[{"name":"wp","href":"https:\/\/api.w.org\/{rel}","templated":true}]}}