{"id":39837,"date":"2019-06-19T14:42:43","date_gmt":"2019-06-19T14:42:43","guid":{"rendered":"https:\/\/sertv.gob.pa\/nacionalfm\/?p=39837"},"modified":"2019-06-19T14:42:43","modified_gmt":"2019-06-19T14:42:43","slug":"panama-efectuara-la-primera-ia-ckaton-2019-en-agosto","status":"publish","type":"post","link":"https:\/\/sertv.gob.pa\/nacionalfm\/panama-efectuara-la-primera-ia-ckaton-2019-en-agosto\/","title":{"rendered":"Panam\u00e1, efectuar\u00e1 la primera \u201cIA \u2013CKAT\u00d3N 2019\u201d, en agosto"},"content":{"rendered":"<div class=\"fusion-fullwidth fullwidth-box fusion-builder-row-1 nonhundred-percent-fullwidth non-hundred-percent-height-scrolling\" style=\"--awb-border-radius-top-left:0px;--awb-border-radius-top-right:0px;--awb-border-radius-bottom-right:0px;--awb-border-radius-bottom-left:0px;--awb-flex-wrap:wrap;\" ><div class=\"fusion-builder-row fusion-row\"><div class=\"fusion-layout-column fusion_builder_column fusion-builder-column-0 fusion_builder_column_1_1 1_1 fusion-one-full fusion-column-first fusion-column-last\" style=\"--awb-bg-size:cover;\"><div class=\"fusion-column-wrapper fusion-column-has-shadow fusion-flex-column-wrapper-legacy\"><div class=\"fusion-text fusion-text-1\"><p>Buscando la creaci\u00f3n de modelos innovadores de Inteligencia Artificial (IA), que sirvan para impulsar soluciones y mejoras a los servicios p\u00fablicos del Estado, se llevar\u00e1 a cabo el pr\u00f3ximo 16 de agosto, la primera <strong><em>\u201cIA-CKAT\u00d3N Panam\u00e1 2019\u201d.<br \/>\n<\/em><\/strong><br \/>\nEste evento, es organizado por un comit\u00e9 compuesto por representantes de la Autoridad de la Micro, Peque\u00f1a y Mediana Empresa (AMPYME), Universidad Tecnol\u00f3gica de Panam\u00e1 (UTP), C\u00e1mara Paname\u00f1a de Tecnolog\u00eda de la Informaci\u00f3n y Telecomunicaciones (CAPATEC), Universidad de Panam\u00e1, Ciudad del Saber y la Autoridad Nacional para la Innovaci\u00f3n Gubernamental (AIG); siendo dirigido a paname\u00f1os universitarios, emprendedores e integrantes del sector p\u00fablico, con mayor\u00eda de edad.<\/p>\n<p>La finalidad, es la promoci\u00f3n, experimentaci\u00f3n y desarrollo de los mejores proyectos de inteligencia artificial en el sector p\u00fablico y fomentar el emprendimiento en los participantes.<\/p>\n<p><strong><em>La inscripci\u00f3n a la \u201cIA-CKAT\u00d3N Panam\u00e1 2019\u201d, es gratuita y abierta para equipos formados de 2 a 5 personas, que completen el registro en l\u00ednea en: https:\/\/iackaton.innovacion.gob.pa. , a partir del 14 de junio, hasta el 28 de junio a las 1:00 p.m. Se recibir\u00e1n consultas sobre el evento en la casilla de correo electr\u00f3nico: iackaton@innovacion.gob.pa<br \/>\n<\/em><\/strong><br \/>\nEsta actividad, pone en juego diferentes competencias en cinco tem\u00e1ticas: Gobierno Cercano: Transformaci\u00f3n de servicios. Gobierno Abierto: Transparencia, participaci\u00f3n y colaboraci\u00f3n; Gobierno Inteligente: Decisiones con base en evidencias y anal\u00edtica predictiva; Gobierno Eficiente: Gesti\u00f3n administrativa y documental y Gobierno Digital: Gesti\u00f3n de riesgos y continuidad operativa.<\/p>\n<p><strong><em>La presentaci\u00f3n de las propuestas, ser\u00e1 hasta el 2 de agosto a las 3:00 p.m. y es requisito tener como m\u00e1ximo 500 palabras que expliquen de manera clara el proyecto elegido y su impacto. El d\u00eda 9 de agosto, se comunicar\u00e1 por la web del evento, las propuestas seleccionadas para<\/em><\/strong> <strong><em>que participen en la fase final, a realizarse el 16 de agosto.<br \/>\n<\/em><\/strong><br \/>\nPor otra parte, el equipo ganador del primer premio de la <strong><em>\u201cIA-CKAT\u00d3N<\/em><\/strong> <strong><em>Panam\u00e1 2019\u201d,<\/em><\/strong> se har\u00e1 acreedor a distinciones, Cinco (5) espacios abiertos en el \u00abCoworking Space\u00bb Innova109 de la Fundaci\u00f3n Ciudad del Saber con una duraci\u00f3n de tres (3) meses; Participaci\u00f3n de los (5) ganadores en el programa Enter del Centro de Innovaci\u00f3n que tiene una duraci\u00f3n de (6) semanas; nombre de dominio y alojamiento para promover el proyecto; cuatrocientos balboas (B\/.400.00) mensuales a cada participante del equipo ganador por seis (6) meses, el uso de todos los equipos del laboratorio para la materializaci\u00f3n de la IA del proyecto y membres\u00eda de un a\u00f1o en CAPATEC. El segundo y tercer lugar recibir\u00e1n distinciones y premios de las empresas e instituciones organizadoras.<\/p>\n<\/div><div class=\"fusion-clearfix\"><\/div><\/div><\/div><\/div><\/div>\n","protected":false},"excerpt":{"rendered":"","protected":false},"author":9,"featured_media":39838,"comment_status":"closed","ping_status":"closed","sticky":false,"template":"","format":"standard","meta":{"footnotes":""},"categories":[2],"tags":[],"class_list":["post-39837","post","type-post","status-publish","format-standard","has-post-thumbnail","hentry","category-nacionales"],"_links":{"self":[{"href":"https:\/\/sertv.gob.pa\/nacionalfm\/wp-json\/wp\/v2\/posts\/39837","targetHints":{"allow":["GET"]}}],"collection":[{"href":"https:\/\/sertv.gob.pa\/nacionalfm\/wp-json\/wp\/v2\/posts"}],"about":[{"href":"https:\/\/sertv.gob.pa\/nacionalfm\/wp-json\/wp\/v2\/types\/post"}],"author":[{"embeddable":true,"href":"https:\/\/sertv.gob.pa\/nacionalfm\/wp-json\/wp\/v2\/users\/9"}],"replies":[{"embeddable":true,"href":"https:\/\/sertv.gob.pa\/nacionalfm\/wp-json\/wp\/v2\/comments?post=39837"}],"version-history":[{"count":1,"href":"https:\/\/sertv.gob.pa\/nacionalfm\/wp-json\/wp\/v2\/posts\/39837\/revisions"}],"predecessor-version":[{"id":39839,"href":"https:\/\/sertv.gob.pa\/nacionalfm\/wp-json\/wp\/v2\/posts\/39837\/revisions\/39839"}],"wp:featuredmedia":[{"embeddable":true,"href":"https:\/\/sertv.gob.pa\/nacionalfm\/wp-json\/wp\/v2\/media\/39838"}],"wp:attachment":[{"href":"https:\/\/sertv.gob.pa\/nacionalfm\/wp-json\/wp\/v2\/media?parent=39837"}],"wp:term":[{"taxonomy":"category","embeddable":true,"href":"https:\/\/sertv.gob.pa\/nacionalfm\/wp-json\/wp\/v2\/categories?post=39837"},{"taxonomy":"post_tag","embeddable":true,"href":"https:\/\/sertv.gob.pa\/nacionalfm\/wp-json\/wp\/v2\/tags?post=39837"}],"curies":[{"name":"wp","href":"https:\/\/api.w.org\/{rel}","templated":true}]}}