{"id":399,"date":"2014-07-21T05:00:00","date_gmt":"2014-07-21T05:00:00","guid":{"rendered":""},"modified":"2014-07-21T05:00:00","modified_gmt":"2014-07-21T05:00:00","slug":"4-casos-de-hantavirus-en-tonosi","status":"publish","type":"post","link":"https:\/\/sertv.gob.pa\/nacionalfm\/4-casos-de-hantavirus-en-tonosi\/","title":{"rendered":"4 casos de Hantavirus en Tonos\u00ed"},"content":{"rendered":"<p>\nCuatro casos positivos de Hantavirus fueron confirmados en El Bebedero de Tonos\u00ed, en la provincia de Los Santos. <\/p>\n<p>Nahir Cede\u00f1o, directora regional de Salud, inform\u00f3 que en el hospital Joaqu\u00edn Pablo Franco de Las Tablas hay 2 pacientes en cuidados intensivos. <\/p>\n<p>Mientras, en sala est\u00e1 un tercer paciente de 12 a\u00f1os, estable con fiebre, y un cuarto caso positivo se halla entubado en el hospital Nelson Collado de Chitr\u00e9, Herrera <\/p>\n<p>Los dos \u00faltimos reportes fueron hace un mes, igualmente de Tonos\u00ed, de dos menores con Hantavirus.\u00a0 @nacionalFm <\/p>\n<p>\u00a0 <\/p>\n","protected":false},"excerpt":{"rendered":"<p>Cuatro casos positivos de Hantavirus fueron confirmados en El Bebedero <a href=\"https:\/\/sertv.gob.pa\/nacionalfm\/4-casos-de-hantavirus-en-tonosi\/\"> [&#8230;]<\/a><\/p>\n","protected":false},"author":1,"featured_media":400,"comment_status":"closed","ping_status":"closed","sticky":false,"template":"","format":"standard","meta":{"footnotes":""},"categories":[5],"tags":[],"class_list":["post-399","post","type-post","status-publish","format-standard","has-post-thumbnail","hentry","category-salud"],"_links":{"self":[{"href":"https:\/\/sertv.gob.pa\/nacionalfm\/wp-json\/wp\/v2\/posts\/399","targetHints":{"allow":["GET"]}}],"collection":[{"href":"https:\/\/sertv.gob.pa\/nacionalfm\/wp-json\/wp\/v2\/posts"}],"about":[{"href":"https:\/\/sertv.gob.pa\/nacionalfm\/wp-json\/wp\/v2\/types\/post"}],"author":[{"embeddable":true,"href":"https:\/\/sertv.gob.pa\/nacionalfm\/wp-json\/wp\/v2\/users\/1"}],"replies":[{"embeddable":true,"href":"https:\/\/sertv.gob.pa\/nacionalfm\/wp-json\/wp\/v2\/comments?post=399"}],"version-history":[{"count":0,"href":"https:\/\/sertv.gob.pa\/nacionalfm\/wp-json\/wp\/v2\/posts\/399\/revisions"}],"wp:featuredmedia":[{"embeddable":true,"href":"https:\/\/sertv.gob.pa\/nacionalfm\/wp-json\/wp\/v2\/media\/400"}],"wp:attachment":[{"href":"https:\/\/sertv.gob.pa\/nacionalfm\/wp-json\/wp\/v2\/media?parent=399"}],"wp:term":[{"taxonomy":"category","embeddable":true,"href":"https:\/\/sertv.gob.pa\/nacionalfm\/wp-json\/wp\/v2\/categories?post=399"},{"taxonomy":"post_tag","embeddable":true,"href":"https:\/\/sertv.gob.pa\/nacionalfm\/wp-json\/wp\/v2\/tags?post=399"}],"curies":[{"name":"wp","href":"https:\/\/api.w.org\/{rel}","templated":true}]}}