{"id":4017,"date":"2015-02-15T05:00:00","date_gmt":"2015-02-15T05:00:00","guid":{"rendered":""},"modified":"2015-02-15T05:00:00","modified_gmt":"2015-02-15T05:00:00","slug":"vacunarse-contra-el-sarampion-advierte-el-minsa","status":"publish","type":"post","link":"https:\/\/sertv.gob.pa\/nacionalfm\/vacunarse-contra-el-sarampion-advierte-el-minsa\/","title":{"rendered":"Vacunarse contra el sarampi\u00f3n advierte el Minsa"},"content":{"rendered":"<p>\nEl Ministerio de Salud (Minsa) advirti\u00f3 a la poblaci\u00f3n sobre la importancia de vacunarse contra el sarampi\u00f3n luego de los casos anunciados en Estados Unidos.\u00a0 <\/p>\n<p>Seg\u00fan la directora General de Salud, Itza Barahona, es necesario que los menores de 19 a\u00f1os tengan dos dosis de vacuna contra el sarampi\u00f3n y verificar sus tarjetas de vacunaci\u00f3n.\u00a0 <\/p>\n<p>La instituci\u00f3n igualmente alert\u00f3 sobre los casos de hantavirus y solicit\u00f3 no instalar carpas en \u00e1reas de c\u00e9sped o directo al a tierra durante las fiestas del Carnaval. <\/p>\n<p>\u00a0 <\/p>\n<p>\u00a0 <\/p>\n","protected":false},"excerpt":{"rendered":"<p>El Ministerio de Salud (Minsa) advirti\u00f3 a la poblaci\u00f3n sobre <a href=\"https:\/\/sertv.gob.pa\/nacionalfm\/vacunarse-contra-el-sarampion-advierte-el-minsa\/\"> [&#8230;]<\/a><\/p>\n","protected":false},"author":1,"featured_media":4018,"comment_status":"closed","ping_status":"closed","sticky":false,"template":"","format":"standard","meta":{"footnotes":""},"categories":[5],"tags":[],"class_list":["post-4017","post","type-post","status-publish","format-standard","has-post-thumbnail","hentry","category-salud"],"_links":{"self":[{"href":"https:\/\/sertv.gob.pa\/nacionalfm\/wp-json\/wp\/v2\/posts\/4017","targetHints":{"allow":["GET"]}}],"collection":[{"href":"https:\/\/sertv.gob.pa\/nacionalfm\/wp-json\/wp\/v2\/posts"}],"about":[{"href":"https:\/\/sertv.gob.pa\/nacionalfm\/wp-json\/wp\/v2\/types\/post"}],"author":[{"embeddable":true,"href":"https:\/\/sertv.gob.pa\/nacionalfm\/wp-json\/wp\/v2\/users\/1"}],"replies":[{"embeddable":true,"href":"https:\/\/sertv.gob.pa\/nacionalfm\/wp-json\/wp\/v2\/comments?post=4017"}],"version-history":[{"count":0,"href":"https:\/\/sertv.gob.pa\/nacionalfm\/wp-json\/wp\/v2\/posts\/4017\/revisions"}],"wp:featuredmedia":[{"embeddable":true,"href":"https:\/\/sertv.gob.pa\/nacionalfm\/wp-json\/wp\/v2\/media\/4018"}],"wp:attachment":[{"href":"https:\/\/sertv.gob.pa\/nacionalfm\/wp-json\/wp\/v2\/media?parent=4017"}],"wp:term":[{"taxonomy":"category","embeddable":true,"href":"https:\/\/sertv.gob.pa\/nacionalfm\/wp-json\/wp\/v2\/categories?post=4017"},{"taxonomy":"post_tag","embeddable":true,"href":"https:\/\/sertv.gob.pa\/nacionalfm\/wp-json\/wp\/v2\/tags?post=4017"}],"curies":[{"name":"wp","href":"https:\/\/api.w.org\/{rel}","templated":true}]}}