{"id":4027,"date":"2015-02-16T05:00:00","date_gmt":"2015-02-16T05:00:00","guid":{"rendered":""},"modified":"2015-02-16T05:00:00","modified_gmt":"2015-02-16T05:00:00","slug":"prueba-de-aliento-podria-detectar-el-parkinson","status":"publish","type":"post","link":"https:\/\/sertv.gob.pa\/nacionalfm\/prueba-de-aliento-podria-detectar-el-parkinson\/","title":{"rendered":"Prueba de aliento podr\u00eda detectar el Parkinson"},"content":{"rendered":"<p>\nExpertos creen que una simple prueba de aliento podr\u00eda ayudar a los m\u00e9dicos a detectar y diagnosticar la enfermedad de Parkinson. <\/p>\n<p>La prueba intenta distinguir una serie de productos qu\u00edmicos que exhala una persona. <\/p>\n<p>Se han efectuado peque\u00f1os estudios con voluntarios y los primeros hallazgos sugieren que la prueba puede identificar a las personas con esta enfermedad cerebral. <\/p>\n<p>Est\u00e1n planeados ensayos m\u00e1s grandes para ver si realmente podr\u00eda ser una prueba \u00fatil, sobre todo para detectar el Parkinson en sus etapas m\u00e1s tempranas. <\/p>\n<p>Actualmente no existe ninguna prueba concluyente que demuestre que una persona tiene Parkinson. <\/p>\n<p>Los m\u00e9dicos llegan a un diagn\u00f3stico basado en los s\u00edntomas de una persona y los resultados de pruebas, tales como esc\u00e1neres cerebrales para descartar otras enfermedades. <\/p>\n<p>En esta etapa el Parkinson puede estar ya bastante avanzado. <\/p>\n<p>En la investigaci\u00f3n participan la organizaci\u00f3n Parkinson UK, expertos de la Universidad de Cambridge (Reino Unido) e igualmente del Instituto de Tecnolog\u00eda de Israel. <\/p>\n<p>\u00a0 <\/p>\n","protected":false},"excerpt":{"rendered":"<p>Expertos creen que una simple prueba de aliento podr\u00eda ayudar <a href=\"https:\/\/sertv.gob.pa\/nacionalfm\/prueba-de-aliento-podria-detectar-el-parkinson\/\"> [&#8230;]<\/a><\/p>\n","protected":false},"author":1,"featured_media":4028,"comment_status":"closed","ping_status":"closed","sticky":false,"template":"","format":"standard","meta":{"footnotes":""},"categories":[5],"tags":[],"class_list":["post-4027","post","type-post","status-publish","format-standard","has-post-thumbnail","hentry","category-salud"],"_links":{"self":[{"href":"https:\/\/sertv.gob.pa\/nacionalfm\/wp-json\/wp\/v2\/posts\/4027","targetHints":{"allow":["GET"]}}],"collection":[{"href":"https:\/\/sertv.gob.pa\/nacionalfm\/wp-json\/wp\/v2\/posts"}],"about":[{"href":"https:\/\/sertv.gob.pa\/nacionalfm\/wp-json\/wp\/v2\/types\/post"}],"author":[{"embeddable":true,"href":"https:\/\/sertv.gob.pa\/nacionalfm\/wp-json\/wp\/v2\/users\/1"}],"replies":[{"embeddable":true,"href":"https:\/\/sertv.gob.pa\/nacionalfm\/wp-json\/wp\/v2\/comments?post=4027"}],"version-history":[{"count":0,"href":"https:\/\/sertv.gob.pa\/nacionalfm\/wp-json\/wp\/v2\/posts\/4027\/revisions"}],"wp:featuredmedia":[{"embeddable":true,"href":"https:\/\/sertv.gob.pa\/nacionalfm\/wp-json\/wp\/v2\/media\/4028"}],"wp:attachment":[{"href":"https:\/\/sertv.gob.pa\/nacionalfm\/wp-json\/wp\/v2\/media?parent=4027"}],"wp:term":[{"taxonomy":"category","embeddable":true,"href":"https:\/\/sertv.gob.pa\/nacionalfm\/wp-json\/wp\/v2\/categories?post=4027"},{"taxonomy":"post_tag","embeddable":true,"href":"https:\/\/sertv.gob.pa\/nacionalfm\/wp-json\/wp\/v2\/tags?post=4027"}],"curies":[{"name":"wp","href":"https:\/\/api.w.org\/{rel}","templated":true}]}}